{"id":7370,"date":"2019-02-09T11:23:36","date_gmt":"2019-02-09T09:23:36","guid":{"rendered":"http:\/\/www.velehrad.org.uk\/?p=7370"},"modified":"2019-02-09T11:23:36","modified_gmt":"2019-02-09T09:23:36","slug":"fotografie-smetanovo-trio-na-velehrade","status":"publish","type":"post","link":"http:\/\/www.velehrad.org.uk\/?p=7370","title":{"rendered":"FOTOGRAFIE: Smetanovo trio na Velehrad\u011b"},"content":{"rendered":"<p>V p\u00e1tek 1. \u00fanora se na Velehrad\u011b konal koncert Smetanova klav\u00edrn\u00edho tria. Smetanovo trio bylo na Velehrad\u011b ji\u017e podruh\u00e9 a akce se op\u011bt t\u011b\u0161ila velk\u00e9mu \u00fasp\u011bchu.&nbsp; <a href=\"http:\/\/www.velehrad.org.uk\/wp-content\/uploads\/2019\/02\/IMG_1811.jpg\"><img loading=\"lazy\" decoding=\"async\" class=\"alignnone size-medium wp-image-7373\" src=\"http:\/\/www.velehrad.org.uk\/wp-content\/uploads\/2019\/02\/IMG_1811-300x224.jpg\" alt=\"\" width=\"300\" height=\"224\" srcset=\"http:\/\/www.velehrad.org.uk\/wp-content\/uploads\/2019\/02\/IMG_1811-300x224.jpg 300w, http:\/\/www.velehrad.org.uk\/wp-content\/uploads\/2019\/02\/IMG_1811.jpg 640w\" sizes=\"auto, (max-width: 300px) 100vw, 300px\" \/><\/a> <a href=\"http:\/\/www.velehrad.org.uk\/wp-content\/uploads\/2019\/02\/IMG_1807.jpg\"><img loading=\"lazy\" decoding=\"async\" class=\"alignnone size-medium wp-image-7374\" src=\"http:\/\/www.velehrad.org.uk\/wp-content\/uploads\/2019\/02\/IMG_1807-300x224.jpg\" alt=\"\" width=\"300\" height=\"224\" srcset=\"http:\/\/www.velehrad.org.uk\/wp-content\/uploads\/2019\/02\/IMG_1807-300x224.jpg 300w, http:\/\/www.velehrad.org.uk\/wp-content\/uploads\/2019\/02\/IMG_1807.jpg 640w\" sizes=\"auto, (max-width: 300px) 100vw, 300px\" \/><\/a> <a href=\"http:\/\/www.velehrad.org.uk\/wp-content\/uploads\/2019\/02\/IMG_1803-1.jpg\"><img loading=\"lazy\" decoding=\"async\" class=\"alignnone size-medium wp-image-7375\" src=\"http:\/\/www.velehrad.org.uk\/wp-content\/uploads\/2019\/02\/IMG_1803-1-300x224.jpg\" alt=\"\" width=\"300\" height=\"224\" srcset=\"http:\/\/www.velehrad.org.uk\/wp-content\/uploads\/2019\/02\/IMG_1803-1-300x224.jpg 300w, http:\/\/www.velehrad.org.uk\/wp-content\/uploads\/2019\/02\/IMG_1803-1.jpg 640w\" sizes=\"auto, (max-width: 300px) 100vw, 300px\" \/><\/a><\/p>\n<h1 class=\"entry-title text-uppercase\">&nbsp;<\/h1>\n","protected":false},"excerpt":{"rendered":"<p>V p\u00e1tek 1. \u00fanora se na Velehrad\u011b konal koncert Smetanova klav\u00edrn\u00edho tria. Smetanovo trio bylo na Velehrad\u011b ji\u017e podruh\u00e9 a akce se op\u011bt t\u011b\u0161ila velk\u00e9mu \u00fasp\u011bchu.&nbsp; &nbsp;<\/p>\n","protected":false},"author":1,"featured_media":7371,"comment_status":"closed","ping_status":"closed","sticky":false,"template":"","format":"standard","meta":{"ngg_post_thumbnail":0,"footnotes":""},"categories":[1,20],"tags":[],"class_list":["post-7370","post","type-post","status-publish","format-standard","has-post-thumbnail","hentry","category-akce-velehradu","category-novinky"],"post_mailing_queue_ids":[],"_links":{"self":[{"href":"http:\/\/www.velehrad.org.uk\/index.php?rest_route=\/wp\/v2\/posts\/7370","targetHints":{"allow":["GET"]}}],"collection":[{"href":"http:\/\/www.velehrad.org.uk\/index.php?rest_route=\/wp\/v2\/posts"}],"about":[{"href":"http:\/\/www.velehrad.org.uk\/index.php?rest_route=\/wp\/v2\/types\/post"}],"author":[{"embeddable":true,"href":"http:\/\/www.velehrad.org.uk\/index.php?rest_route=\/wp\/v2\/users\/1"}],"replies":[{"embeddable":true,"href":"http:\/\/www.velehrad.org.uk\/index.php?rest_route=%2Fwp%2Fv2%2Fcomments&post=7370"}],"version-history":[{"count":1,"href":"http:\/\/www.velehrad.org.uk\/index.php?rest_route=\/wp\/v2\/posts\/7370\/revisions"}],"predecessor-version":[{"id":7376,"href":"http:\/\/www.velehrad.org.uk\/index.php?rest_route=\/wp\/v2\/posts\/7370\/revisions\/7376"}],"wp:featuredmedia":[{"embeddable":true,"href":"http:\/\/www.velehrad.org.uk\/index.php?rest_route=\/wp\/v2\/media\/7371"}],"wp:attachment":[{"href":"http:\/\/www.velehrad.org.uk\/index.php?rest_route=%2Fwp%2Fv2%2Fmedia&parent=7370"}],"wp:term":[{"taxonomy":"category","embeddable":true,"href":"http:\/\/www.velehrad.org.uk\/index.php?rest_route=%2Fwp%2Fv2%2Fcategories&post=7370"},{"taxonomy":"post_tag","embeddable":true,"href":"http:\/\/www.velehrad.org.uk\/index.php?rest_route=%2Fwp%2Fv2%2Ftags&post=7370"}],"curies":[{"name":"wp","href":"https:\/\/api.w.org\/{rel}","templated":true}]}}