{"id":7635,"date":"2019-03-22T18:30:00","date_gmt":"2019-03-22T16:30:00","guid":{"rendered":"http:\/\/www.velehrad.org.uk\/?p=7635"},"modified":"2019-04-17T15:27:33","modified_gmt":"2019-04-17T13:27:33","slug":"7635","status":"publish","type":"post","link":"http:\/\/www.velehrad.org.uk\/?p=7635","title":{"rendered":"POZV\u00c1NKA: Prom\u00edt\u00e1n\u00ed filmu PROTEKTOR 13.4."},"content":{"rendered":"\n<p>We would like to invite you to our&nbsp;<strong>Czech Film Screening organised by the Czech Language Club and Velehrad<\/strong>. <br><br>The screening is on&nbsp;<strong>Saturday&nbsp;13th&nbsp;April&nbsp;at 5.30pm at Velehrad, Barnes<\/strong>. We will be screening a Czech film&nbsp;<strong>PROTEKTOR<\/strong>&nbsp;with English subtitles.&nbsp;Protektor&nbsp;is a&nbsp;2009&nbsp;Czech film directed by&nbsp;Marek Najbrt.&nbsp;It is a&nbsp;story of a couple\u2019s fateful&nbsp;relationship. Against the backdrop of war, they live out their&nbsp;own personal drama. A story of real feelings, of love which, in extreme times, can be&nbsp;pushed to the brink of self-destruction and&nbsp;nevertheless&nbsp;maintain its strength and hope.A risky game about career, feelings, human dignity and, in the end, about life in the dark&nbsp;days of the Protectorate.&nbsp;You&nbsp;watch a trailer&nbsp;<a rel=\"noreferrer noopener\" href=\"https:\/\/www.youtube.com\/watch?v=RMfMQh19b5I\" target=\"_blank\">here<\/a>.<\/p>\n\n\n\n<p><br>There will be some refreshments after the film and you will have an opportunity to meet new people&nbsp;and chat in Czech or English. We hope that this event will bring together people who love Czech culture.<\/p>\n\n\n\n<p>Please&nbsp;<strong>RSVP by the&nbsp;5th&nbsp;April&nbsp;at&nbsp;<a href=\"mailto:info@czechlanguageclub.co.uk\" target=\"_blank\" rel=\"noreferrer noopener\">info@czechlanguageclub.co.uk<\/a>.&nbsp;<\/strong><\/p>\n\n\n\n<p>The price for one ticket is \u00a38.&nbsp;You can pay at the door or via PayPal&nbsp;on this&nbsp;<a href=\"http:\/\/www.czechlanguageclub.co.uk\/czech-films-in-london-protektor-2009\/\" target=\"_blank\" rel=\"noreferrer noopener\">website.<\/a><\/p>\n\n\n\n<p>We look forward to seeing you and your guests.<br><\/p>\n\n\n\n<figure class=\"wp-block-image\"><img loading=\"lazy\" decoding=\"async\" width=\"644\" height=\"322\" src=\"http:\/\/www.velehrad.org.uk\/wp-content\/uploads\/2019\/03\/CZECH-FILM-PROTEKTOR-644x322.jpg\" alt=\"\" class=\"wp-image-7636\"\/><\/figure>\n\n\n\n<p><br><\/p>\n","protected":false},"excerpt":{"rendered":"<p>Zveme V\u00e1s na prom\u00edt\u00e1n\u00ed filmu PROTEKTOR, kter\u00e9 se na Velehrad\u011b uskute\u010dn\u00ed v sobotu 13. dubna od 17.30.  <a class=\"read-more-link\" href=\"http:\/\/www.velehrad.org.uk\/?p=7635\">\u010ct\u011bte v\u00edce<\/a><\/p>\n","protected":false},"author":1,"featured_media":7682,"comment_status":"closed","ping_status":"closed","sticky":false,"template":"","format":"standard","meta":{"ngg_post_thumbnail":0,"footnotes":""},"categories":[20],"tags":[],"class_list":["post-7635","post","type-post","status-publish","format-standard","has-post-thumbnail","hentry","category-novinky"],"post_mailing_queue_ids":[],"_links":{"self":[{"href":"http:\/\/www.velehrad.org.uk\/index.php?rest_route=\/wp\/v2\/posts\/7635","targetHints":{"allow":["GET"]}}],"collection":[{"href":"http:\/\/www.velehrad.org.uk\/index.php?rest_route=\/wp\/v2\/posts"}],"about":[{"href":"http:\/\/www.velehrad.org.uk\/index.php?rest_route=\/wp\/v2\/types\/post"}],"author":[{"embeddable":true,"href":"http:\/\/www.velehrad.org.uk\/index.php?rest_route=\/wp\/v2\/users\/1"}],"replies":[{"embeddable":true,"href":"http:\/\/www.velehrad.org.uk\/index.php?rest_route=%2Fwp%2Fv2%2Fcomments&post=7635"}],"version-history":[{"count":5,"href":"http:\/\/www.velehrad.org.uk\/index.php?rest_route=\/wp\/v2\/posts\/7635\/revisions"}],"predecessor-version":[{"id":7680,"href":"http:\/\/www.velehrad.org.uk\/index.php?rest_route=\/wp\/v2\/posts\/7635\/revisions\/7680"}],"wp:featuredmedia":[{"embeddable":true,"href":"http:\/\/www.velehrad.org.uk\/index.php?rest_route=\/wp\/v2\/media\/7682"}],"wp:attachment":[{"href":"http:\/\/www.velehrad.org.uk\/index.php?rest_route=%2Fwp%2Fv2%2Fmedia&parent=7635"}],"wp:term":[{"taxonomy":"category","embeddable":true,"href":"http:\/\/www.velehrad.org.uk\/index.php?rest_route=%2Fwp%2Fv2%2Fcategories&post=7635"},{"taxonomy":"post_tag","embeddable":true,"href":"http:\/\/www.velehrad.org.uk\/index.php?rest_route=%2Fwp%2Fv2%2Ftags&post=7635"}],"curies":[{"name":"wp","href":"https:\/\/api.w.org\/{rel}","templated":true}]}}