{"id":7652,"date":"2019-04-03T20:29:04","date_gmt":"2019-04-03T18:29:04","guid":{"rendered":"http:\/\/www.velehrad.org.uk\/?p=7652"},"modified":"2019-04-03T21:18:20","modified_gmt":"2019-04-03T19:18:20","slug":"rodice-s-detmi-na-velehrade-oslavovali-svatky-jara","status":"publish","type":"post","link":"http:\/\/www.velehrad.org.uk\/?p=7652","title":{"rendered":"Rodi\u010de s d\u011btmi na Velehrad\u011b oslavovali sv\u00e1tky jara"},"content":{"rendered":"\n<p>Rodi\u010de a d\u011bti z ned\u011bln\u00ed \u0161koli\u010dky spolu s na\u0161imi u\u010diteli v ned\u011bli 31. b\u0159ezna uspo\u0159\u00e1dali Velikono\u010dn\u00ed odpoledne. Program byl pestr\u00fd. D\u011bti tancovaly, vyr\u00e1b\u011bly a hr\u00e1ly hry. Rodi\u010de se postarali o bohat\u00e9 ob\u010derstven\u00ed a v\u0161ichni tak spole\u010dn\u011b mohli oslavit sv\u00e1tky jara. \u0160koli\u010dka je te\u010f zav\u0159ena a\u017e do 28.4. V\u0161em p\u0159ejeme kr\u00e1sn\u00e9 pr\u00e1zdniny! <\/p>\n\n\n\n<figure class=\"wp-block-image\"><img loading=\"lazy\" decoding=\"async\" width=\"644\" height=\"483\" src=\"http:\/\/www.velehrad.org.uk\/wp-content\/uploads\/2019\/04\/55680079_391470568352246_5390819027524255744_n-644x483.jpg\" alt=\"\" class=\"wp-image-7653\" srcset=\"http:\/\/www.velehrad.org.uk\/wp-content\/uploads\/2019\/04\/55680079_391470568352246_5390819027524255744_n-644x483.jpg 644w, http:\/\/www.velehrad.org.uk\/wp-content\/uploads\/2019\/04\/55680079_391470568352246_5390819027524255744_n-300x225.jpg 300w, http:\/\/www.velehrad.org.uk\/wp-content\/uploads\/2019\/04\/55680079_391470568352246_5390819027524255744_n-768x576.jpg 768w, http:\/\/www.velehrad.org.uk\/wp-content\/uploads\/2019\/04\/55680079_391470568352246_5390819027524255744_n.jpg 2048w\" sizes=\"auto, (max-width: 644px) 100vw, 644px\" \/><\/figure>\n\n\n\n<figure class=\"wp-block-image\"><img loading=\"lazy\" decoding=\"async\" width=\"644\" height=\"859\" src=\"http:\/\/www.velehrad.org.uk\/wp-content\/uploads\/2019\/04\/55910125_2329494870665817_1227736115461488640_n-644x859.jpg\" alt=\"\" class=\"wp-image-7654\" srcset=\"http:\/\/www.velehrad.org.uk\/wp-content\/uploads\/2019\/04\/55910125_2329494870665817_1227736115461488640_n-644x859.jpg 644w, http:\/\/www.velehrad.org.uk\/wp-content\/uploads\/2019\/04\/55910125_2329494870665817_1227736115461488640_n-225x300.jpg 225w, http:\/\/www.velehrad.org.uk\/wp-content\/uploads\/2019\/04\/55910125_2329494870665817_1227736115461488640_n-768x1024.jpg 768w, http:\/\/www.velehrad.org.uk\/wp-content\/uploads\/2019\/04\/55910125_2329494870665817_1227736115461488640_n.jpg 1536w\" sizes=\"auto, (max-width: 644px) 100vw, 644px\" \/><\/figure>\n\n\n\n<figure class=\"wp-block-image\"><img loading=\"lazy\" decoding=\"async\" width=\"644\" height=\"483\" src=\"http:\/\/www.velehrad.org.uk\/wp-content\/uploads\/2019\/04\/56162831_409561153164810_6164208935201931264_n-644x483.jpg\" alt=\"\" class=\"wp-image-7655\" srcset=\"http:\/\/www.velehrad.org.uk\/wp-content\/uploads\/2019\/04\/56162831_409561153164810_6164208935201931264_n-644x483.jpg 644w, http:\/\/www.velehrad.org.uk\/wp-content\/uploads\/2019\/04\/56162831_409561153164810_6164208935201931264_n-300x225.jpg 300w, http:\/\/www.velehrad.org.uk\/wp-content\/uploads\/2019\/04\/56162831_409561153164810_6164208935201931264_n-768x576.jpg 768w, http:\/\/www.velehrad.org.uk\/wp-content\/uploads\/2019\/04\/56162831_409561153164810_6164208935201931264_n.jpg 2048w\" sizes=\"auto, (max-width: 644px) 100vw, 644px\" \/><\/figure>\n\n\n\n<figure class=\"wp-block-image\"><img loading=\"lazy\" decoding=\"async\" width=\"644\" height=\"859\" src=\"http:\/\/www.velehrad.org.uk\/wp-content\/uploads\/2019\/04\/55901916_373527796824308_4993954012035284992_n-644x859.jpg\" alt=\"\" class=\"wp-image-7669\" srcset=\"http:\/\/www.velehrad.org.uk\/wp-content\/uploads\/2019\/04\/55901916_373527796824308_4993954012035284992_n-644x859.jpg 644w, http:\/\/www.velehrad.org.uk\/wp-content\/uploads\/2019\/04\/55901916_373527796824308_4993954012035284992_n-225x300.jpg 225w, http:\/\/www.velehrad.org.uk\/wp-content\/uploads\/2019\/04\/55901916_373527796824308_4993954012035284992_n-768x1024.jpg 768w, http:\/\/www.velehrad.org.uk\/wp-content\/uploads\/2019\/04\/55901916_373527796824308_4993954012035284992_n.jpg 1536w\" sizes=\"auto, (max-width: 644px) 100vw, 644px\" \/><\/figure>\n\n\n\n<figure class=\"wp-block-image\"><img loading=\"lazy\" decoding=\"async\" width=\"644\" height=\"859\" src=\"http:\/\/www.velehrad.org.uk\/wp-content\/uploads\/2019\/04\/55680224_606425823117007_6647954228486602752_n-644x859.jpg\" alt=\"\" class=\"wp-image-7671\" srcset=\"http:\/\/www.velehrad.org.uk\/wp-content\/uploads\/2019\/04\/55680224_606425823117007_6647954228486602752_n-644x859.jpg 644w, http:\/\/www.velehrad.org.uk\/wp-content\/uploads\/2019\/04\/55680224_606425823117007_6647954228486602752_n-225x300.jpg 225w, http:\/\/www.velehrad.org.uk\/wp-content\/uploads\/2019\/04\/55680224_606425823117007_6647954228486602752_n-768x1024.jpg 768w, http:\/\/www.velehrad.org.uk\/wp-content\/uploads\/2019\/04\/55680224_606425823117007_6647954228486602752_n.jpg 1536w\" sizes=\"auto, (max-width: 644px) 100vw, 644px\" \/><\/figure>\n\n\n\n<figure class=\"wp-block-image\"><img loading=\"lazy\" decoding=\"async\" width=\"644\" height=\"483\" src=\"http:\/\/www.velehrad.org.uk\/wp-content\/uploads\/2019\/04\/IMG-20190331-WA0012-644x483.jpg\" alt=\"\" class=\"wp-image-7672\" srcset=\"http:\/\/www.velehrad.org.uk\/wp-content\/uploads\/2019\/04\/IMG-20190331-WA0012-644x483.jpg 644w, http:\/\/www.velehrad.org.uk\/wp-content\/uploads\/2019\/04\/IMG-20190331-WA0012-300x225.jpg 300w, http:\/\/www.velehrad.org.uk\/wp-content\/uploads\/2019\/04\/IMG-20190331-WA0012-768x576.jpg 768w, http:\/\/www.velehrad.org.uk\/wp-content\/uploads\/2019\/04\/IMG-20190331-WA0012.jpg 1600w\" sizes=\"auto, (max-width: 644px) 100vw, 644px\" \/><\/figure>\n","protected":false},"excerpt":{"rendered":"<p>Rodi\u010de a d\u011bti z ned\u011bln\u00ed \u0161koli\u010dky spolu s na\u0161imi u\u010diteli v ned\u011bli 31. b\u0159ezna uspo\u0159\u00e1dali Velikono\u010dn\u00ed odpoledne.  <a class=\"read-more-link\" href=\"http:\/\/www.velehrad.org.uk\/?p=7652\">\u010ct\u011bte v\u00edce<\/a><\/p>\n","protected":false},"author":1,"featured_media":7656,"comment_status":"closed","ping_status":"closed","sticky":false,"template":"","format":"standard","meta":{"ngg_post_thumbnail":0,"footnotes":""},"categories":[1],"tags":[],"class_list":["post-7652","post","type-post","status-publish","format-standard","has-post-thumbnail","hentry","category-akce-velehradu"],"post_mailing_queue_ids":[],"_links":{"self":[{"href":"http:\/\/www.velehrad.org.uk\/index.php?rest_route=\/wp\/v2\/posts\/7652","targetHints":{"allow":["GET"]}}],"collection":[{"href":"http:\/\/www.velehrad.org.uk\/index.php?rest_route=\/wp\/v2\/posts"}],"about":[{"href":"http:\/\/www.velehrad.org.uk\/index.php?rest_route=\/wp\/v2\/types\/post"}],"author":[{"embeddable":true,"href":"http:\/\/www.velehrad.org.uk\/index.php?rest_route=\/wp\/v2\/users\/1"}],"replies":[{"embeddable":true,"href":"http:\/\/www.velehrad.org.uk\/index.php?rest_route=%2Fwp%2Fv2%2Fcomments&post=7652"}],"version-history":[{"count":2,"href":"http:\/\/www.velehrad.org.uk\/index.php?rest_route=\/wp\/v2\/posts\/7652\/revisions"}],"predecessor-version":[{"id":7673,"href":"http:\/\/www.velehrad.org.uk\/index.php?rest_route=\/wp\/v2\/posts\/7652\/revisions\/7673"}],"wp:featuredmedia":[{"embeddable":true,"href":"http:\/\/www.velehrad.org.uk\/index.php?rest_route=\/wp\/v2\/media\/7656"}],"wp:attachment":[{"href":"http:\/\/www.velehrad.org.uk\/index.php?rest_route=%2Fwp%2Fv2%2Fmedia&parent=7652"}],"wp:term":[{"taxonomy":"category","embeddable":true,"href":"http:\/\/www.velehrad.org.uk\/index.php?rest_route=%2Fwp%2Fv2%2Fcategories&post=7652"},{"taxonomy":"post_tag","embeddable":true,"href":"http:\/\/www.velehrad.org.uk\/index.php?rest_route=%2Fwp%2Fv2%2Ftags&post=7652"}],"curies":[{"name":"wp","href":"https:\/\/api.w.org\/{rel}","templated":true}]}}