{"id":7703,"date":"2019-04-25T10:38:38","date_gmt":"2019-04-25T08:38:38","guid":{"rendered":"http:\/\/www.velehrad.org.uk\/?p=7703"},"modified":"2019-04-25T10:39:07","modified_gmt":"2019-04-25T08:39:07","slug":"velikonoce-na-velehrade","status":"publish","type":"post","link":"http:\/\/www.velehrad.org.uk\/?p=7703","title":{"rendered":"Kv\u011btn\u00e1 ned\u011ble na Velehrad\u011b"},"content":{"rendered":"\n<p>Na kv\u011btnou ned\u011bli 14. dubna prob\u011bhla na Velehrad\u011b m\u0161e, p\u0159i kter\u00e9 se sv\u011btily ko\u010di\u010dky. Po m\u0161i bylo pro hosty p\u0159ipraveno ob\u010derstven\u00ed, barven\u00ed velikono\u010dn\u00edch vajec \u010di pleten\u00ed poml\u00e1zky. <\/p>\n\n\n\n<p><br><\/p>\n\n\n\n<p><br><\/p>\n\n\n\n<figure class=\"wp-block-image\"><img loading=\"lazy\" decoding=\"async\" width=\"644\" height=\"483\" src=\"http:\/\/www.velehrad.org.uk\/wp-content\/uploads\/2019\/04\/IMG_3791-e1556181433110-644x483.jpg\" alt=\"\" class=\"wp-image-7705\" srcset=\"http:\/\/www.velehrad.org.uk\/wp-content\/uploads\/2019\/04\/IMG_3791-e1556181433110-644x483.jpg 644w, http:\/\/www.velehrad.org.uk\/wp-content\/uploads\/2019\/04\/IMG_3791-e1556181433110-300x225.jpg 300w, http:\/\/www.velehrad.org.uk\/wp-content\/uploads\/2019\/04\/IMG_3791-e1556181433110-768x576.jpg 768w, http:\/\/www.velehrad.org.uk\/wp-content\/uploads\/2019\/04\/IMG_3791-e1556181433110.jpg 1632w\" sizes=\"auto, (max-width: 644px) 100vw, 644px\" \/><\/figure>\n","protected":false},"excerpt":{"rendered":"<p>Na kv\u011btnou ned\u011bli 14. dubna prob\u011bhla na Velehrad\u011b m\u0161e, p\u0159i kter\u00e9 se sv\u011btily ko\u010di\u010dky. Po m\u0161i bylo pro hosty p\u0159ipraveno ob\u010derstven\u00ed, barven\u00ed velikono\u010dn\u00edch vajec \u010di pleten\u00ed poml\u00e1zky.  <a class=\"read-more-link\" href=\"http:\/\/www.velehrad.org.uk\/?p=7703\">\u010ct\u011bte v\u00edce<\/a><\/p>\n","protected":false},"author":1,"featured_media":7704,"comment_status":"closed","ping_status":"closed","sticky":false,"template":"","format":"standard","meta":{"ngg_post_thumbnail":0,"footnotes":""},"categories":[1],"tags":[],"class_list":["post-7703","post","type-post","status-publish","format-standard","has-post-thumbnail","hentry","category-akce-velehradu"],"post_mailing_queue_ids":[],"_links":{"self":[{"href":"http:\/\/www.velehrad.org.uk\/index.php?rest_route=\/wp\/v2\/posts\/7703","targetHints":{"allow":["GET"]}}],"collection":[{"href":"http:\/\/www.velehrad.org.uk\/index.php?rest_route=\/wp\/v2\/posts"}],"about":[{"href":"http:\/\/www.velehrad.org.uk\/index.php?rest_route=\/wp\/v2\/types\/post"}],"author":[{"embeddable":true,"href":"http:\/\/www.velehrad.org.uk\/index.php?rest_route=\/wp\/v2\/users\/1"}],"replies":[{"embeddable":true,"href":"http:\/\/www.velehrad.org.uk\/index.php?rest_route=%2Fwp%2Fv2%2Fcomments&post=7703"}],"version-history":[{"count":2,"href":"http:\/\/www.velehrad.org.uk\/index.php?rest_route=\/wp\/v2\/posts\/7703\/revisions"}],"predecessor-version":[{"id":7709,"href":"http:\/\/www.velehrad.org.uk\/index.php?rest_route=\/wp\/v2\/posts\/7703\/revisions\/7709"}],"wp:featuredmedia":[{"embeddable":true,"href":"http:\/\/www.velehrad.org.uk\/index.php?rest_route=\/wp\/v2\/media\/7704"}],"wp:attachment":[{"href":"http:\/\/www.velehrad.org.uk\/index.php?rest_route=%2Fwp%2Fv2%2Fmedia&parent=7703"}],"wp:term":[{"taxonomy":"category","embeddable":true,"href":"http:\/\/www.velehrad.org.uk\/index.php?rest_route=%2Fwp%2Fv2%2Fcategories&post=7703"},{"taxonomy":"post_tag","embeddable":true,"href":"http:\/\/www.velehrad.org.uk\/index.php?rest_route=%2Fwp%2Fv2%2Ftags&post=7703"}],"curies":[{"name":"wp","href":"https:\/\/api.w.org\/{rel}","templated":true}]}}