{"id":7715,"date":"2019-05-08T11:25:56","date_gmt":"2019-05-08T09:25:56","guid":{"rendered":"http:\/\/www.velehrad.org.uk\/?p=7715"},"modified":"2019-05-08T11:26:48","modified_gmt":"2019-05-08T09:26:48","slug":"pozvanka-svu-literarni-odpoledne-na-velehrade-18-kvetna-2019","status":"publish","type":"post","link":"http:\/\/www.velehrad.org.uk\/?p=7715","title":{"rendered":"Pozv\u00e1nka SVU: Liter\u00e1rn\u00ed odpoledne na Velehrad\u011b, 18. kv\u011btna 2019"},"content":{"rendered":"\n<p style=\"text-align:center\">Liter\u00e1rne poobedie<\/p>\n\n\n\n<p style=\"text-align:center\">Autori, film\u00e1ri, umelci predv\u00e1dzaj\u00fa svoje diela<\/p>\n\n\n\n<p style=\"text-align:center\">V sobotu 18. m\u00e1ja 2019 o 2:30 poobede<\/p>\n\n\n\n<p style=\"text-align:center\">Velehrad Lond\u00fdn, 39 Lonsdale Rd, Barnes, London SW13 9JP<br>\nMil\u00ed priatelia,<\/p>\n\n\n\n<p style=\"text-align:center\"><strong>Pozor, t\u00e1to akcia je na Velehrade!<\/strong><\/p>\n\n\n\n<p style=\"text-align:center\">Ako v\u017edy v\u00a0m\u00e1ji, aj tento rok V\u00e1s SVU poz\u00fdva na svoje liter\u00e1rno-umeleck\u00e9 poobedie, kde m\u00e1te mo\u017enos\u0165 n\u00e1m da\u0165 nazrie\u0165 do toho, \u010do ste tento rok vytvorili \u2013 a\/alebo si vypo\u010du\u0165 \u010di pozrie\u0165, \u010do vytvorili ostatn\u00ed z\u00a0n\u00e1s, preto\u017ee \u010desk\u00fd a\u00a0slovensk\u00fd Lond\u00fdn je umelecky ve\u013emi plodn\u00fd. O\u00a0tom nasved\u010duje aj n\u00e1\u0161 ned\u00e1vno v\u00a0Prahe vydan\u00fd nov\u00fd liter\u00e1rny zborn\u00edk Smeti\/Smet\u00ed \u2013 ktor\u00fd tu bude tie\u017e k\u00a0nahliadnutiu &#8211; vytvoren\u00fd v\u00fdlu\u010dne z\u00a0toho, \u010do \u010desk\u00e9ho \u010di slovensk\u00e9ho vykvitlo tu v\u00a0Brit\u00e1nii. <\/p>\n\n\n\n<p style=\"text-align:center\">Budeme tie\u017e premieta\u0165 polhodinov\u00fd film od Petra Vop\u011bnku z\u00a0Lancastru na nesmierne aktu\u00e1lnu t\u00e9mu a\u00a0t\u00fdm uv\u00edtame aj kontingent n\u00e1v\u0161tevn\u00edkov z\u00a0Lancastru, nov\u00fd detsk\u00fd film od Dorky Martinkovej, ktorej filmy sa dost\u00e1vaj\u00fa do popredn\u00fdch lond\u00fdnskych gal\u00e9rii, autorka Alena Damijo n\u00e1m bude \u010d\u00edta\u0165 zo svojej novej knihy o\u00a0svojom poh\u013eade na Brit\u00e1niu, at\u010f., at\u010f. A to s\u00fa zatia\u013e len pr\u00edspevky, o\u00a0ktor\u00fdch vieme, ver\u00edme, \u017ee n\u00e1s milo prekvap\u00edte \u010fal\u0161\u00edmi.<br> Ako ste si d\u00fafam v\u0161imli, t\u00e1to akcia je na Velehrade, kde sme u\u017e v\u00a0minulosti mali liter\u00e1rne poobedie \u010diasto\u010dne zasaden\u00e9 do\u00a0romantickej velehradskej z\u00e1hrady. Pre t\u00fdch z\u00a0v\u00e1s, ktor\u00ed tam e\u0161te neboli, s\u00fa ur\u010den\u00e9 nadch\u00e1dzaj\u00face cestovn\u00e9 pokyny:<br><\/p>\n\n\n\n<p style=\"text-align:center\">Velehrad je naproti zn\u00e1mej chlap\u010denskej \u0161kole St Paul\u2018s Boys School. Opakujem adresu:  39 Lonsdale Rd, Barnes, London SW13 9JP. <\/p>\n\n\n\n<p style=\"text-align:center\">\u010cas e\u0161te raz: Sobota 18.m\u00e1ja o\u00a02:30 poobede.<br>Autom je to najjednoduch\u0161ie, vo Velehrade sa d\u00e1 priamo parkova\u0165.<br>Metrom:<br>Metrov\u00e1 stanica Hammersmith.<br>Prejs\u0165 na autobusov\u00fa stanicu<br>Odtia\u013e autobusom 72 jednu z\u00e1stavku na Hammersmith Bridge<br>Prejs\u0165 most a\u00a0odtia\u013e na 39, Lonsdale Rd ( as 12 min\u00fat pe\u0161i)<br>Kto chce pochodova\u0165 \u010do najmenej, je tu \u010fal\u0161ia alternat\u00edva pr\u00edchodu z\u00a0druhej strany:<br>Metro Vauxhal (Victoria Line)<br>Vlak (smer Hounslow) vystupi\u0165 na Barnes Bridge<br>Na Barnes Bridge n\u00e1js\u0165 autobusov\u00fa z\u00e1stavku BK autobusu 72<br>Autobus 72 (smer Roehampton) na Lonsdale Rd (z\u00e1stavka K) a\u00a0potom 6 min\u00fat pe\u0161i.<br><br><\/p>\n\n\n\n<p style=\"text-align:center\">Prive\u010fte aj priate\u013eov a zn\u00e1mych. Ke\u010f donesiete nie\u010do pod zub, o to bude na\u0161e stretnutie<br> pr\u00edjemnej\u0161ie. Te\u0161\u00edme sa na v\u00e1s.<br> V\u011bra a Zuzana<br> Spolupredsedn\u00ed\u010dky SVU<br> Po lete sa zas stretneme v\u00a0sobotu 28. septembra v\u00a0N\u00e1rodnom dome o\u00a02:30 na West End Lane. Program e\u0161te \u010dak\u00e1 na potvrdenie, len si rezervujte d\u00e1tum.<\/p>\n","protected":false},"excerpt":{"rendered":"<p>Velehrad a SVU V\u00e1s srde\u010dn\u011b zvou na liter\u00e1rn\u00ed odpoledne, kter\u00e9 se bude konat na Velehrad\u011b v sobotu 18. kv\u011btna 2019.  <a class=\"read-more-link\" href=\"http:\/\/www.velehrad.org.uk\/?p=7715\">\u010ct\u011bte v\u00edce<\/a><\/p>\n","protected":false},"author":1,"featured_media":7716,"comment_status":"closed","ping_status":"closed","sticky":false,"template":"","format":"standard","meta":{"ngg_post_thumbnail":0,"footnotes":""},"categories":[1],"tags":[],"class_list":["post-7715","post","type-post","status-publish","format-standard","has-post-thumbnail","hentry","category-akce-velehradu"],"post_mailing_queue_ids":[],"_links":{"self":[{"href":"http:\/\/www.velehrad.org.uk\/index.php?rest_route=\/wp\/v2\/posts\/7715","targetHints":{"allow":["GET"]}}],"collection":[{"href":"http:\/\/www.velehrad.org.uk\/index.php?rest_route=\/wp\/v2\/posts"}],"about":[{"href":"http:\/\/www.velehrad.org.uk\/index.php?rest_route=\/wp\/v2\/types\/post"}],"author":[{"embeddable":true,"href":"http:\/\/www.velehrad.org.uk\/index.php?rest_route=\/wp\/v2\/users\/1"}],"replies":[{"embeddable":true,"href":"http:\/\/www.velehrad.org.uk\/index.php?rest_route=%2Fwp%2Fv2%2Fcomments&post=7715"}],"version-history":[{"count":2,"href":"http:\/\/www.velehrad.org.uk\/index.php?rest_route=\/wp\/v2\/posts\/7715\/revisions"}],"predecessor-version":[{"id":7718,"href":"http:\/\/www.velehrad.org.uk\/index.php?rest_route=\/wp\/v2\/posts\/7715\/revisions\/7718"}],"wp:featuredmedia":[{"embeddable":true,"href":"http:\/\/www.velehrad.org.uk\/index.php?rest_route=\/wp\/v2\/media\/7716"}],"wp:attachment":[{"href":"http:\/\/www.velehrad.org.uk\/index.php?rest_route=%2Fwp%2Fv2%2Fmedia&parent=7715"}],"wp:term":[{"taxonomy":"category","embeddable":true,"href":"http:\/\/www.velehrad.org.uk\/index.php?rest_route=%2Fwp%2Fv2%2Fcategories&post=7715"},{"taxonomy":"post_tag","embeddable":true,"href":"http:\/\/www.velehrad.org.uk\/index.php?rest_route=%2Fwp%2Fv2%2Ftags&post=7715"}],"curies":[{"name":"wp","href":"https:\/\/api.w.org\/{rel}","templated":true}]}}