{"id":7783,"date":"2019-06-18T20:47:27","date_gmt":"2019-06-18T18:47:27","guid":{"rendered":"http:\/\/www.velehrad.org.uk\/?p=7783"},"modified":"2019-06-24T22:39:10","modified_gmt":"2019-06-24T20:39:10","slug":"vzpominka-na-otce-langa-s-j-nedele-30-6-v-15-hodin","status":"publish","type":"post","link":"http:\/\/www.velehrad.org.uk\/?p=7783","title":{"rendered":"Vzpom\u00ednka na Otce Langa S.J. v ned\u011bli 30.6. od 15 hodin"},"content":{"rendered":"\n<p style=\"text-align:center\"><strong><em>Spr\u00e1vn\u00ed rada lond\u00fdnsk\u00e9ho Velehradu v\u00e1s srde\u010dn\u011b zve na<\/em><\/strong><\/p>\n\n\n\n<p style=\"text-align:center\"><strong>VZPOM\u00cdNKU NA OTCE JANA LANGA S.J.,<\/strong><\/p>\n\n\n\n<p style=\"text-align:center\"><strong>zakladatele lond\u00fdnsk\u00e9ho Velehradu,<\/strong><\/p>\n\n\n\n<p style=\"text-align:center\"><strong>u p<\/strong><strong>\u0159\u00edle\u017eitosti jeho nedo\u017eit\u00fdch 100. narozenin.<\/strong><\/p>\n\n\n\n<div class=\"wp-block-image\"><figure class=\"aligncenter\"><img decoding=\"async\" src=\"https:\/\/mail.google.com\/mail\/u\/0?ui=2&amp;ik=0fae883a6a&amp;attid=0.0.2&amp;permmsgid=msg-f:1636579157458007067&amp;th=16b64c129f17b41b&amp;view=fimg&amp;sz=s0-l75-ft&amp;attbid=ANGjdJ_EkBpN0xXKv-ABcARbmENgqMMKwhm-FRXcTZKARUS3RGAQqIwpEftNUYlafEns5f7Dy9IUYV6FOl5FgtFDlk3Ob4jBjGnPl2YaR5vmGK0_iJ_kh95zU3WDo24&amp;disp=emb\" alt=\"\/Users\/ludmilastane\/Desktop\/otec-lang.jpg\"\/><\/figure><\/div>\n\n\n\n<h3 class=\"wp-block-heading\">&nbsp;<\/h3>\n\n\n\n<p style=\"text-align:center\">Prom\u00edtneme z\u00e1b\u011bry ze \u017eivota otce Langa a<\/p>\n\n\n\n<p style=\"text-align:center\">usly\u0161\u00edme vzpom\u00ednky jeho p\u0159\u00e1tel.<\/p>\n\n\n\n<p style=\"text-align:center\">Po ob\u010derstven\u00ed si zazp\u00edv\u00e1me p\u0159i cimb\u00e1lu a housl\u00edch.<\/p>\n\n\n\n<p style=\"text-align:center\">P\u0159ij\u010fte vy, kte\u0159\u00ed jste otce Langa znali,<\/p>\n\n\n\n<p style=\"text-align:center\">i vy, kdo se o n\u011bm chcete dozv\u011bd\u011bt.<\/p>\n\n\n\n<p style=\"text-align:center\"><strong>V ned\u011bli 30. \u010dervna&nbsp;2019<\/strong><\/p>\n\n\n\n<p style=\"text-align:center\"><strong>3.00 \u2013 6.00 pm<\/strong><\/p>\n\n\n\n<p style=\"text-align:center\"><strong>Velehrad,\u00a039 Lonsdale Rd, Barnes, London SW13 9JP <\/strong><\/p>\n\n\n\n<p style=\"text-align:center\">Abychom v\u011bd\u011bli kolik chleb\u00ed\u010dk\u016f, bu\u0159t\u016f a piva objednat,&nbsp;oznamte laskav\u011b \u00fa\u010dast nejpozd\u011bji do 28.6. na<a href=\"mailto:ludmilastane@gmail.com,%20\" target=\"_blank\" rel=\"noreferrer noopener\">ludmilastane@gmail.com,&nbsp;<\/a>text 07468 570551<\/p>\n\n\n\n<p style=\"text-align:center\"><strong>Nejbli\u017e\u0161\u00ed metro je HAMMERSMITH&nbsp;<\/strong>(District, Picadilly, Circle lines)<strong>&nbsp;pak p\u011b\u0161ky p<\/strong><strong>\u0159es most cca&nbsp;<\/strong><strong>15 min.<\/strong><\/p>\n\n\n\n<p style=\"text-align:center\"><strong>Nebo vlakem z<\/strong>&nbsp;<strong>Waterloo na Barnes Bridge<\/strong>&nbsp;a pak&nbsp;<strong>bus 419 a 533<\/strong>&nbsp;(5 min) zastav\u00ed p\u0159ed Velehradem (na ozn\u00e1men\u00ed). Nebo vlakem z&nbsp;<strong>Waterloo do Barnes<\/strong>&nbsp;a&nbsp;<strong>bus 33<\/strong>&nbsp;zastav\u00ed na rohu Lonsdale Road a pak 3 min ch\u016fze.<\/p>\n","protected":false},"excerpt":{"rendered":"<p>Velehrad zve v\u0161echny na Vzpom\u00ednku na Otce Langa, zakladatele lond\u00fdnsk\u00e9ho Velehradu. Akce se bude konat u p\u0159\u00edle\u017eitosti jeho nedo\u017eit\u00fdch 100. narozenin v ned\u011bli 30.6. od 15.00 18.00 hodin na Velehrad\u011b.  <a class=\"read-more-link\" href=\"http:\/\/www.velehrad.org.uk\/?p=7783\">\u010ct\u011bte v\u00edce<\/a><\/p>\n","protected":false},"author":1,"featured_media":4757,"comment_status":"closed","ping_status":"closed","sticky":false,"template":"","format":"standard","meta":{"ngg_post_thumbnail":0,"footnotes":""},"categories":[1],"tags":[],"class_list":["post-7783","post","type-post","status-publish","format-standard","has-post-thumbnail","hentry","category-akce-velehradu"],"post_mailing_queue_ids":[],"_links":{"self":[{"href":"http:\/\/www.velehrad.org.uk\/index.php?rest_route=\/wp\/v2\/posts\/7783","targetHints":{"allow":["GET"]}}],"collection":[{"href":"http:\/\/www.velehrad.org.uk\/index.php?rest_route=\/wp\/v2\/posts"}],"about":[{"href":"http:\/\/www.velehrad.org.uk\/index.php?rest_route=\/wp\/v2\/types\/post"}],"author":[{"embeddable":true,"href":"http:\/\/www.velehrad.org.uk\/index.php?rest_route=\/wp\/v2\/users\/1"}],"replies":[{"embeddable":true,"href":"http:\/\/www.velehrad.org.uk\/index.php?rest_route=%2Fwp%2Fv2%2Fcomments&post=7783"}],"version-history":[{"count":4,"href":"http:\/\/www.velehrad.org.uk\/index.php?rest_route=\/wp\/v2\/posts\/7783\/revisions"}],"predecessor-version":[{"id":7795,"href":"http:\/\/www.velehrad.org.uk\/index.php?rest_route=\/wp\/v2\/posts\/7783\/revisions\/7795"}],"wp:featuredmedia":[{"embeddable":true,"href":"http:\/\/www.velehrad.org.uk\/index.php?rest_route=\/wp\/v2\/media\/4757"}],"wp:attachment":[{"href":"http:\/\/www.velehrad.org.uk\/index.php?rest_route=%2Fwp%2Fv2%2Fmedia&parent=7783"}],"wp:term":[{"taxonomy":"category","embeddable":true,"href":"http:\/\/www.velehrad.org.uk\/index.php?rest_route=%2Fwp%2Fv2%2Fcategories&post=7783"},{"taxonomy":"post_tag","embeddable":true,"href":"http:\/\/www.velehrad.org.uk\/index.php?rest_route=%2Fwp%2Fv2%2Ftags&post=7783"}],"curies":[{"name":"wp","href":"https:\/\/api.w.org\/{rel}","templated":true}]}}