{"id":7797,"date":"2019-06-28T19:26:05","date_gmt":"2019-06-28T17:26:05","guid":{"rendered":"http:\/\/www.velehrad.org.uk\/?p=7797"},"modified":"2019-06-28T19:32:22","modified_gmt":"2019-06-28T17:32:22","slug":"pozvanka-na-msi","status":"publish","type":"post","link":"http:\/\/www.velehrad.org.uk\/?p=7797","title":{"rendered":"Pozv\u00e1nka na m\u0161i v ned\u011bli 7. \u010dervence od 13 hodin"},"content":{"rendered":"\n<p>Pater Borovsk\u00fd v\u0161echny srde\u010dn\u011b zve na m\u0161i Slovensk\u00e9 katolick\u00e9 mise. Trustees d\u011bkuj\u00ed za pozv\u00e1nku t\u011b\u0161\u00ed se, \u017ee se tam v\u0161ichni sejdeme. M\u0161e se bude konat 7. \u010dervence ve 13 hodin v kostele Our Lady of La Salette and St Joseph.<\/p>\n\n\n\n<figure class=\"wp-block-image\"><img loading=\"lazy\" decoding=\"async\" width=\"644\" height=\"911\" src=\"http:\/\/www.velehrad.org.uk\/wp-content\/uploads\/2019\/06\/10a_POZVA\u0301NKACYRILMETOD-644x911.jpg\" alt=\"\" class=\"wp-image-7798\" srcset=\"http:\/\/www.velehrad.org.uk\/wp-content\/uploads\/2019\/06\/10a_POZVA\u0301NKACYRILMETOD-644x911.jpg 644w, http:\/\/www.velehrad.org.uk\/wp-content\/uploads\/2019\/06\/10a_POZVA\u0301NKACYRILMETOD-212x300.jpg 212w, http:\/\/www.velehrad.org.uk\/wp-content\/uploads\/2019\/06\/10a_POZVA\u0301NKACYRILMETOD-768x1086.jpg 768w, http:\/\/www.velehrad.org.uk\/wp-content\/uploads\/2019\/06\/10a_POZVA\u0301NKACYRILMETOD.jpg 1240w\" sizes=\"auto, (max-width: 644px) 100vw, 644px\" \/><\/figure>\n","protected":false},"excerpt":{"rendered":"<p>Pater Borovsk\u00fd zve na m\u0161i, kterou po\u0159\u00e1d\u00e1 Slovensk\u00e1 katolick\u00e1 mise. Trustees d\u011bkuj\u00ed za pozv\u00e1nku t\u011b\u0161\u00edme se, \u017ee se tam v\u0161ichni sejdeme. M\u0161e se bude konat 7. \u010dervence ve 13 hodin v kostele Our Lady of La Salette and St Joseph. <a class=\"read-more-link\" href=\"http:\/\/www.velehrad.org.uk\/?p=7797\">\u010ct\u011bte v\u00edce<\/a><\/p>\n","protected":false},"author":1,"featured_media":7799,"comment_status":"closed","ping_status":"closed","sticky":false,"template":"","format":"standard","meta":{"ngg_post_thumbnail":0,"footnotes":""},"categories":[20],"tags":[],"class_list":["post-7797","post","type-post","status-publish","format-standard","has-post-thumbnail","hentry","category-novinky"],"post_mailing_queue_ids":[],"_links":{"self":[{"href":"http:\/\/www.velehrad.org.uk\/index.php?rest_route=\/wp\/v2\/posts\/7797","targetHints":{"allow":["GET"]}}],"collection":[{"href":"http:\/\/www.velehrad.org.uk\/index.php?rest_route=\/wp\/v2\/posts"}],"about":[{"href":"http:\/\/www.velehrad.org.uk\/index.php?rest_route=\/wp\/v2\/types\/post"}],"author":[{"embeddable":true,"href":"http:\/\/www.velehrad.org.uk\/index.php?rest_route=\/wp\/v2\/users\/1"}],"replies":[{"embeddable":true,"href":"http:\/\/www.velehrad.org.uk\/index.php?rest_route=%2Fwp%2Fv2%2Fcomments&post=7797"}],"version-history":[{"count":3,"href":"http:\/\/www.velehrad.org.uk\/index.php?rest_route=\/wp\/v2\/posts\/7797\/revisions"}],"predecessor-version":[{"id":7804,"href":"http:\/\/www.velehrad.org.uk\/index.php?rest_route=\/wp\/v2\/posts\/7797\/revisions\/7804"}],"wp:featuredmedia":[{"embeddable":true,"href":"http:\/\/www.velehrad.org.uk\/index.php?rest_route=\/wp\/v2\/media\/7799"}],"wp:attachment":[{"href":"http:\/\/www.velehrad.org.uk\/index.php?rest_route=%2Fwp%2Fv2%2Fmedia&parent=7797"}],"wp:term":[{"taxonomy":"category","embeddable":true,"href":"http:\/\/www.velehrad.org.uk\/index.php?rest_route=%2Fwp%2Fv2%2Fcategories&post=7797"},{"taxonomy":"post_tag","embeddable":true,"href":"http:\/\/www.velehrad.org.uk\/index.php?rest_route=%2Fwp%2Fv2%2Ftags&post=7797"}],"curies":[{"name":"wp","href":"https:\/\/api.w.org\/{rel}","templated":true}]}}