{"id":7805,"date":"2019-06-28T19:37:56","date_gmt":"2019-06-28T17:37:56","guid":{"rendered":"http:\/\/www.velehrad.org.uk\/?p=7805"},"modified":"2019-06-28T19:40:05","modified_gmt":"2019-06-28T17:40:05","slug":"pozvanka-na-koncert-smetanova-tria-v-nedeli-7-cervence","status":"publish","type":"post","link":"http:\/\/www.velehrad.org.uk\/?p=7805","title":{"rendered":"Pozv\u00e1nka na koncert Smetanova Tria v ned\u011bli 7. \u010dervence"},"content":{"rendered":"\n<p>Velehrad V\u00e1s srde\u010dn\u011b zve na hudebn\u00ed koncert Smetanova Tria, kter\u00fd se uskute\u010dn\u00ed v ned\u011bli 7. \u010dervence ve Wigmore Hall. <\/p>\n\n\n\n<figure class=\"wp-block-image\"><img loading=\"lazy\" decoding=\"async\" width=\"644\" height=\"346\" src=\"http:\/\/www.velehrad.org.uk\/wp-content\/uploads\/2019\/06\/Screen-Shot-2019-06-27-at-11.29.02-644x346.png\" alt=\"\" class=\"wp-image-7806\" srcset=\"http:\/\/www.velehrad.org.uk\/wp-content\/uploads\/2019\/06\/Screen-Shot-2019-06-27-at-11.29.02-644x346.png 644w, http:\/\/www.velehrad.org.uk\/wp-content\/uploads\/2019\/06\/Screen-Shot-2019-06-27-at-11.29.02-300x161.png 300w, http:\/\/www.velehrad.org.uk\/wp-content\/uploads\/2019\/06\/Screen-Shot-2019-06-27-at-11.29.02-768x413.png 768w\" sizes=\"auto, (max-width: 644px) 100vw, 644px\" \/><\/figure>\n","protected":false},"excerpt":{"rendered":"<p>Velehrad V\u00e1s srde\u010dn\u011b zve na hudebn\u00ed koncert Smetanova Tria, kter\u00fd se uskute\u010dn\u00ed v ned\u011bli 7. \u010dervence.  <a class=\"read-more-link\" href=\"http:\/\/www.velehrad.org.uk\/?p=7805\">\u010ct\u011bte v\u00edce<\/a><\/p>\n","protected":false},"author":1,"featured_media":7350,"comment_status":"closed","ping_status":"closed","sticky":false,"template":"","format":"standard","meta":{"ngg_post_thumbnail":0,"footnotes":""},"categories":[1],"tags":[],"class_list":["post-7805","post","type-post","status-publish","format-standard","has-post-thumbnail","hentry","category-akce-velehradu"],"post_mailing_queue_ids":[],"_links":{"self":[{"href":"http:\/\/www.velehrad.org.uk\/index.php?rest_route=\/wp\/v2\/posts\/7805","targetHints":{"allow":["GET"]}}],"collection":[{"href":"http:\/\/www.velehrad.org.uk\/index.php?rest_route=\/wp\/v2\/posts"}],"about":[{"href":"http:\/\/www.velehrad.org.uk\/index.php?rest_route=\/wp\/v2\/types\/post"}],"author":[{"embeddable":true,"href":"http:\/\/www.velehrad.org.uk\/index.php?rest_route=\/wp\/v2\/users\/1"}],"replies":[{"embeddable":true,"href":"http:\/\/www.velehrad.org.uk\/index.php?rest_route=%2Fwp%2Fv2%2Fcomments&post=7805"}],"version-history":[{"count":2,"href":"http:\/\/www.velehrad.org.uk\/index.php?rest_route=\/wp\/v2\/posts\/7805\/revisions"}],"predecessor-version":[{"id":7809,"href":"http:\/\/www.velehrad.org.uk\/index.php?rest_route=\/wp\/v2\/posts\/7805\/revisions\/7809"}],"wp:featuredmedia":[{"embeddable":true,"href":"http:\/\/www.velehrad.org.uk\/index.php?rest_route=\/wp\/v2\/media\/7350"}],"wp:attachment":[{"href":"http:\/\/www.velehrad.org.uk\/index.php?rest_route=%2Fwp%2Fv2%2Fmedia&parent=7805"}],"wp:term":[{"taxonomy":"category","embeddable":true,"href":"http:\/\/www.velehrad.org.uk\/index.php?rest_route=%2Fwp%2Fv2%2Fcategories&post=7805"},{"taxonomy":"post_tag","embeddable":true,"href":"http:\/\/www.velehrad.org.uk\/index.php?rest_route=%2Fwp%2Fv2%2Ftags&post=7805"}],"curies":[{"name":"wp","href":"https:\/\/api.w.org\/{rel}","templated":true}]}}