{"id":7825,"date":"2019-07-24T09:53:53","date_gmt":"2019-07-24T07:53:53","guid":{"rendered":"http:\/\/www.velehrad.org.uk\/?p=7825"},"modified":"2019-07-24T09:53:56","modified_gmt":"2019-07-24T07:53:56","slug":"vzpominka-na-otce-langa","status":"publish","type":"post","link":"http:\/\/www.velehrad.org.uk\/?p=7825","title":{"rendered":"Vzpom\u00ednka na Otce Langa"},"content":{"rendered":"\n<p>V ned\u011bli 30.6. na Velehrad\u011b prob\u011bhla Vzpom\u00ednka na Otce Jana Langa S.J., zakladatele lond\u00fdnsk\u00e9ho Velehradu. U\u00a0p\u0159\u00edle\u017eitosti\u00a0jeho\u00a0nedo\u017eit\u00fdch\u00a0100.\u00a0narozenin se prom\u00edtaly\u00a0z\u00e1b\u011bry\u00a0z\u00a0jeho\u00a0\u017eivota\u00a0a\u00a0jeho\u00a0p\u0159\u00e1tel\u00e9\u00a0na\u00a0n\u011bj\u00a0m\u011bli mo\u017enost zavzpom\u00ednat. <\/p>\n\n\n\n<figure class=\"wp-block-image\"><img loading=\"lazy\" decoding=\"async\" width=\"644\" height=\"483\" src=\"http:\/\/www.velehrad.org.uk\/wp-content\/uploads\/2019\/07\/IMG_4332-e1563954259641-644x483.jpg\" alt=\"\" class=\"wp-image-7819\" srcset=\"http:\/\/www.velehrad.org.uk\/wp-content\/uploads\/2019\/07\/IMG_4332-e1563954259641-644x483.jpg 644w, http:\/\/www.velehrad.org.uk\/wp-content\/uploads\/2019\/07\/IMG_4332-e1563954259641-300x225.jpg 300w, http:\/\/www.velehrad.org.uk\/wp-content\/uploads\/2019\/07\/IMG_4332-e1563954259641-768x576.jpg 768w, http:\/\/www.velehrad.org.uk\/wp-content\/uploads\/2019\/07\/IMG_4332-e1563954259641.jpg 1632w\" sizes=\"auto, (max-width: 644px) 100vw, 644px\" \/><\/figure>\n\n\n\n<figure class=\"wp-block-image\"><img loading=\"lazy\" decoding=\"async\" width=\"644\" height=\"483\" src=\"http:\/\/www.velehrad.org.uk\/wp-content\/uploads\/2019\/07\/IMG_4338-e1563954214469-644x483.jpg\" alt=\"\" class=\"wp-image-7818\" srcset=\"http:\/\/www.velehrad.org.uk\/wp-content\/uploads\/2019\/07\/IMG_4338-e1563954214469-644x483.jpg 644w, http:\/\/www.velehrad.org.uk\/wp-content\/uploads\/2019\/07\/IMG_4338-e1563954214469-300x225.jpg 300w, http:\/\/www.velehrad.org.uk\/wp-content\/uploads\/2019\/07\/IMG_4338-e1563954214469-768x576.jpg 768w, http:\/\/www.velehrad.org.uk\/wp-content\/uploads\/2019\/07\/IMG_4338-e1563954214469.jpg 1632w\" sizes=\"auto, (max-width: 644px) 100vw, 644px\" \/><\/figure>\n","protected":false},"excerpt":{"rendered":"<p>V ned\u011bli 30.6. na Velehrad\u011b prob\u011bhla Vzpom\u00ednka na Otce Jana Langa S.J., zakladatele lond\u00fdnsk\u00e9ho Velehradu.  <a class=\"read-more-link\" href=\"http:\/\/www.velehrad.org.uk\/?p=7825\">\u010ct\u011bte v\u00edce<\/a><\/p>\n","protected":false},"author":1,"featured_media":7817,"comment_status":"closed","ping_status":"closed","sticky":false,"template":"","format":"standard","meta":{"ngg_post_thumbnail":0,"footnotes":""},"categories":[20],"tags":[],"class_list":["post-7825","post","type-post","status-publish","format-standard","has-post-thumbnail","hentry","category-novinky"],"post_mailing_queue_ids":[],"_links":{"self":[{"href":"http:\/\/www.velehrad.org.uk\/index.php?rest_route=\/wp\/v2\/posts\/7825","targetHints":{"allow":["GET"]}}],"collection":[{"href":"http:\/\/www.velehrad.org.uk\/index.php?rest_route=\/wp\/v2\/posts"}],"about":[{"href":"http:\/\/www.velehrad.org.uk\/index.php?rest_route=\/wp\/v2\/types\/post"}],"author":[{"embeddable":true,"href":"http:\/\/www.velehrad.org.uk\/index.php?rest_route=\/wp\/v2\/users\/1"}],"replies":[{"embeddable":true,"href":"http:\/\/www.velehrad.org.uk\/index.php?rest_route=%2Fwp%2Fv2%2Fcomments&post=7825"}],"version-history":[{"count":1,"href":"http:\/\/www.velehrad.org.uk\/index.php?rest_route=\/wp\/v2\/posts\/7825\/revisions"}],"predecessor-version":[{"id":7826,"href":"http:\/\/www.velehrad.org.uk\/index.php?rest_route=\/wp\/v2\/posts\/7825\/revisions\/7826"}],"wp:featuredmedia":[{"embeddable":true,"href":"http:\/\/www.velehrad.org.uk\/index.php?rest_route=\/wp\/v2\/media\/7817"}],"wp:attachment":[{"href":"http:\/\/www.velehrad.org.uk\/index.php?rest_route=%2Fwp%2Fv2%2Fmedia&parent=7825"}],"wp:term":[{"taxonomy":"category","embeddable":true,"href":"http:\/\/www.velehrad.org.uk\/index.php?rest_route=%2Fwp%2Fv2%2Fcategories&post=7825"},{"taxonomy":"post_tag","embeddable":true,"href":"http:\/\/www.velehrad.org.uk\/index.php?rest_route=%2Fwp%2Fv2%2Ftags&post=7825"}],"curies":[{"name":"wp","href":"https:\/\/api.w.org\/{rel}","templated":true}]}}