{"id":7859,"date":"2019-08-20T08:29:54","date_gmt":"2019-08-20T06:29:54","guid":{"rendered":"http:\/\/www.velehrad.org.uk\/?p=7859"},"modified":"2019-08-20T08:33:10","modified_gmt":"2019-08-20T06:33:10","slug":"touching-1989-reflections-recollections-otevrena-vyzva","status":"publish","type":"post","link":"http:\/\/www.velehrad.org.uk\/?p=7859","title":{"rendered":"Touching 1989: Reflections &#038; Recollections | OTEV\u0158EN\u00c1 V\u00ddZVA"},"content":{"rendered":"\n<h3 class=\"wp-block-heading\"><\/h3>\n\n\n\n<div class=\"wp-block-image\"><figure class=\"alignleft\"><img decoding=\"async\" src=\"http:\/\/london.czechcentres.cz\/public\/galleries\/152\/151890\/_thbs_\/100X100__touching-1989-image-blue.jpg\" alt=\"\"\/><\/figure><\/div>\n\n\n\n<p>P\u0159ed t\u0159iceti lety p\u0159ekreslily ud\u00e1losti roku 1989 mapu Evropy a zas\u00e1hly do \u017eivot\u016f milion\u016f lid\u00ed. P\u0159i pohledu na tyto historick\u00e9 chv\u00edle a jejich d\u016fsledky z dne\u0161n\u00ed perspektivy, jakou roli hr\u00e1l rok 1989 ve va\u0161em \u017eivot\u011b? M\u00e1te z t\u00e9 doby osobn\u00ed z\u00e1\u017eitek nebo vzpom\u00ednku? Mo\u017en\u00e1 jste se odst\u011bhovali do Velk\u00e9 Brit\u00e1nie, mo\u017en\u00e1 m\u00e1te rodinn\u00e9 vzpom\u00ednky, mo\u017en\u00e1 m\u00e1te \u00fapln\u011b jin\u00fd p\u0159\u00edb\u011bh, kter\u00fd byste r\u00e1di \u0159ekli. A\u0164 U\u017d JE TO COKOLI, CHCEME TO SLY\u0160ET.<\/p>\n\n\n\n<p>V\u00edce informac\u00ed\u00a0<a href=\"http:\/\/london.czechcentres.cz\/cs\/novinky\/touching-1989-otevrena-vyzva\/\">zde.<\/a><\/p>\n\n\n\n<figure class=\"wp-block-embed-youtube wp-block-embed is-type-video is-provider-youtube wp-embed-aspect-16-9 wp-has-aspect-ratio\"><div class=\"wp-block-embed__wrapper\">\n<iframe loading=\"lazy\" width=\"840\" height=\"473\" src=\"https:\/\/www.youtube.com\/embed\/-USvBBzJDsI?feature=oembed\" frameborder=\"0\" allow=\"accelerometer; autoplay; encrypted-media; gyroscope; picture-in-picture\" allowfullscreen><\/iframe>\n<\/div><\/figure>\n","protected":false},"excerpt":{"rendered":"<p>P\u0159ed t\u0159iceti lety p\u0159ekreslily ud\u00e1losti roku 1989 mapu Evropy a zas\u00e1hly do \u017eivot\u016f milion\u016f lid\u00ed. P\u0159i pohledu na tyto historick\u00e9 chv\u00edle a jejich d\u016fsledky z dne\u0161n\u00ed perspektivy, jakou roli hr\u00e1l rok 1989 ve va\u0161em \u017eivot\u011b?  <a class=\"read-more-link\" href=\"http:\/\/www.velehrad.org.uk\/?p=7859\">\u010ct\u011bte v\u00edce<\/a><\/p>\n","protected":false},"author":1,"featured_media":7861,"comment_status":"closed","ping_status":"closed","sticky":false,"template":"","format":"standard","meta":{"ngg_post_thumbnail":0,"footnotes":""},"categories":[20],"tags":[],"class_list":["post-7859","post","type-post","status-publish","format-standard","has-post-thumbnail","hentry","category-novinky"],"post_mailing_queue_ids":[],"_links":{"self":[{"href":"http:\/\/www.velehrad.org.uk\/index.php?rest_route=\/wp\/v2\/posts\/7859","targetHints":{"allow":["GET"]}}],"collection":[{"href":"http:\/\/www.velehrad.org.uk\/index.php?rest_route=\/wp\/v2\/posts"}],"about":[{"href":"http:\/\/www.velehrad.org.uk\/index.php?rest_route=\/wp\/v2\/types\/post"}],"author":[{"embeddable":true,"href":"http:\/\/www.velehrad.org.uk\/index.php?rest_route=\/wp\/v2\/users\/1"}],"replies":[{"embeddable":true,"href":"http:\/\/www.velehrad.org.uk\/index.php?rest_route=%2Fwp%2Fv2%2Fcomments&post=7859"}],"version-history":[{"count":2,"href":"http:\/\/www.velehrad.org.uk\/index.php?rest_route=\/wp\/v2\/posts\/7859\/revisions"}],"predecessor-version":[{"id":7862,"href":"http:\/\/www.velehrad.org.uk\/index.php?rest_route=\/wp\/v2\/posts\/7859\/revisions\/7862"}],"wp:featuredmedia":[{"embeddable":true,"href":"http:\/\/www.velehrad.org.uk\/index.php?rest_route=\/wp\/v2\/media\/7861"}],"wp:attachment":[{"href":"http:\/\/www.velehrad.org.uk\/index.php?rest_route=%2Fwp%2Fv2%2Fmedia&parent=7859"}],"wp:term":[{"taxonomy":"category","embeddable":true,"href":"http:\/\/www.velehrad.org.uk\/index.php?rest_route=%2Fwp%2Fv2%2Fcategories&post=7859"},{"taxonomy":"post_tag","embeddable":true,"href":"http:\/\/www.velehrad.org.uk\/index.php?rest_route=%2Fwp%2Fv2%2Ftags&post=7859"}],"curies":[{"name":"wp","href":"https:\/\/api.w.org\/{rel}","templated":true}]}}