{"id":8085,"date":"2020-02-20T21:04:30","date_gmt":"2020-02-20T19:04:30","guid":{"rendered":"http:\/\/www.velehrad.org.uk\/?p=8085"},"modified":"2020-08-20T14:43:41","modified_gmt":"2020-08-20T12:43:41","slug":"koncert-studentu-v-sobotu-29-unora-na-velehrade","status":"publish","type":"post","link":"http:\/\/www.velehrad.org.uk\/?p=8085","title":{"rendered":"Koncert student\u016f v sobotu 29. \u00fanora na Velehrad\u011b"},"content":{"rendered":"\n<figure class=\"wp-block-image\"><img loading=\"lazy\" decoding=\"async\" width=\"644\" height=\"483\" src=\"http:\/\/www.velehrad.org.uk\/wp-content\/uploads\/2020\/08\/IMG_0631-copy-e1597927391733-644x483.jpg\" alt=\"\" class=\"wp-image-8261\" srcset=\"http:\/\/www.velehrad.org.uk\/wp-content\/uploads\/2020\/08\/IMG_0631-copy-e1597927391733-644x483.jpg 644w, http:\/\/www.velehrad.org.uk\/wp-content\/uploads\/2020\/08\/IMG_0631-copy-e1597927391733-300x225.jpg 300w, http:\/\/www.velehrad.org.uk\/wp-content\/uploads\/2020\/08\/IMG_0631-copy-e1597927391733-768x576.jpg 768w, http:\/\/www.velehrad.org.uk\/wp-content\/uploads\/2020\/08\/IMG_0631-copy-e1597927391733.jpg 1632w\" sizes=\"auto, (max-width: 644px) 100vw, 644px\" \/><\/figure>\n\n\n\n<figure class=\"wp-block-image\"><img loading=\"lazy\" decoding=\"async\" width=\"644\" height=\"915\" src=\"http:\/\/www.velehrad.org.uk\/wp-content\/uploads\/2020\/02\/image1-1-644x915.jpeg\" alt=\"\" class=\"wp-image-8088\" srcset=\"http:\/\/www.velehrad.org.uk\/wp-content\/uploads\/2020\/02\/image1-1-644x915.jpeg 644w, http:\/\/www.velehrad.org.uk\/wp-content\/uploads\/2020\/02\/image1-1-211x300.jpeg 211w, http:\/\/www.velehrad.org.uk\/wp-content\/uploads\/2020\/02\/image1-1-768x1091.jpeg 768w, http:\/\/www.velehrad.org.uk\/wp-content\/uploads\/2020\/02\/image1-1.jpeg 945w\" sizes=\"auto, (max-width: 644px) 100vw, 644px\" \/><\/figure>\n","protected":false},"excerpt":{"rendered":"<p>Srde\u010dn\u011b V\u00e1s zveme na koncert student\u016f s n\u00e1zvem From Chopin to Shostakovich, kter\u00fd se uskute\u010dn\u00ed na Velehrad\u011b v sobotu 29. \u00fanora <a class=\"read-more-link\" href=\"http:\/\/www.velehrad.org.uk\/?p=8085\">\u010ct\u011bte v\u00edce<\/a><\/p>\n","protected":false},"author":1,"featured_media":8090,"comment_status":"closed","ping_status":"closed","sticky":false,"template":"","format":"standard","meta":{"ngg_post_thumbnail":0,"footnotes":""},"categories":[20],"tags":[],"class_list":["post-8085","post","type-post","status-publish","format-standard","has-post-thumbnail","hentry","category-novinky"],"post_mailing_queue_ids":[],"_links":{"self":[{"href":"http:\/\/www.velehrad.org.uk\/index.php?rest_route=\/wp\/v2\/posts\/8085","targetHints":{"allow":["GET"]}}],"collection":[{"href":"http:\/\/www.velehrad.org.uk\/index.php?rest_route=\/wp\/v2\/posts"}],"about":[{"href":"http:\/\/www.velehrad.org.uk\/index.php?rest_route=\/wp\/v2\/types\/post"}],"author":[{"embeddable":true,"href":"http:\/\/www.velehrad.org.uk\/index.php?rest_route=\/wp\/v2\/users\/1"}],"replies":[{"embeddable":true,"href":"http:\/\/www.velehrad.org.uk\/index.php?rest_route=%2Fwp%2Fv2%2Fcomments&post=8085"}],"version-history":[{"count":3,"href":"http:\/\/www.velehrad.org.uk\/index.php?rest_route=\/wp\/v2\/posts\/8085\/revisions"}],"predecessor-version":[{"id":8274,"href":"http:\/\/www.velehrad.org.uk\/index.php?rest_route=\/wp\/v2\/posts\/8085\/revisions\/8274"}],"wp:featuredmedia":[{"embeddable":true,"href":"http:\/\/www.velehrad.org.uk\/index.php?rest_route=\/wp\/v2\/media\/8090"}],"wp:attachment":[{"href":"http:\/\/www.velehrad.org.uk\/index.php?rest_route=%2Fwp%2Fv2%2Fmedia&parent=8085"}],"wp:term":[{"taxonomy":"category","embeddable":true,"href":"http:\/\/www.velehrad.org.uk\/index.php?rest_route=%2Fwp%2Fv2%2Fcategories&post=8085"},{"taxonomy":"post_tag","embeddable":true,"href":"http:\/\/www.velehrad.org.uk\/index.php?rest_route=%2Fwp%2Fv2%2Ftags&post=8085"}],"curies":[{"name":"wp","href":"https:\/\/api.w.org\/{rel}","templated":true}]}}