{"id":8110,"date":"2020-02-23T18:25:51","date_gmt":"2020-02-23T16:25:51","guid":{"rendered":"http:\/\/www.velehrad.org.uk\/?p=8110"},"modified":"2020-03-04T19:30:46","modified_gmt":"2020-03-04T17:30:46","slug":"fotografie-z-koncertu-absolventu-goldsmith-college-of-music-and-drama","status":"publish","type":"post","link":"http:\/\/www.velehrad.org.uk\/?p=8110","title":{"rendered":"Fotografie z koncert\u016f absolvent\u016f Goldsmith College of Music and Drama"},"content":{"rendered":"\n<figure class=\"wp-block-image\"><img loading=\"lazy\" decoding=\"async\" width=\"644\" height=\"859\" src=\"http:\/\/www.velehrad.org.uk\/wp-content\/uploads\/2020\/02\/IMG_0626-e1583342188570-644x859.jpg\" alt=\"\" class=\"wp-image-8109\" srcset=\"http:\/\/www.velehrad.org.uk\/wp-content\/uploads\/2020\/02\/IMG_0626-e1583342188570-644x859.jpg 644w, http:\/\/www.velehrad.org.uk\/wp-content\/uploads\/2020\/02\/IMG_0626-e1583342188570-225x300.jpg 225w, http:\/\/www.velehrad.org.uk\/wp-content\/uploads\/2020\/02\/IMG_0626-e1583342188570-768x1024.jpg 768w, http:\/\/www.velehrad.org.uk\/wp-content\/uploads\/2020\/02\/IMG_0626-e1583342188570.jpg 1224w\" sizes=\"auto, (max-width: 644px) 100vw, 644px\" \/><\/figure>\n\n\n\n<ul class=\"wp-block-gallery columns-1 is-cropped wp-block-gallery-1 is-layout-flex wp-block-gallery-is-layout-flex\"><li class=\"blocks-gallery-item\"><figure><img loading=\"lazy\" decoding=\"async\" width=\"644\" height=\"483\" src=\"http:\/\/www.velehrad.org.uk\/wp-content\/uploads\/2020\/02\/IMG_0631-e1583342212265-644x483.jpg\" alt=\"\" data-id=\"8108\" data-link=\"http:\/\/www.velehrad.org.uk\/?attachment_id=8108\" class=\"wp-image-8108\" srcset=\"http:\/\/www.velehrad.org.uk\/wp-content\/uploads\/2020\/02\/IMG_0631-e1583342212265-644x483.jpg 644w, http:\/\/www.velehrad.org.uk\/wp-content\/uploads\/2020\/02\/IMG_0631-e1583342212265-300x225.jpg 300w, http:\/\/www.velehrad.org.uk\/wp-content\/uploads\/2020\/02\/IMG_0631-e1583342212265-768x576.jpg 768w, http:\/\/www.velehrad.org.uk\/wp-content\/uploads\/2020\/02\/IMG_0631-e1583342212265.jpg 1632w\" sizes=\"auto, (max-width: 644px) 100vw, 644px\" \/><\/figure><\/li><\/ul>\n\n\n\n<ul class=\"wp-block-gallery columns-1 is-cropped wp-block-gallery-2 is-layout-flex wp-block-gallery-is-layout-flex\"><li class=\"blocks-gallery-item\"><figure><img loading=\"lazy\" decoding=\"async\" width=\"644\" height=\"483\" src=\"http:\/\/www.velehrad.org.uk\/wp-content\/uploads\/2020\/02\/IMG_0633-e1583342235105-644x483.jpg\" alt=\"\" data-id=\"8107\" data-link=\"http:\/\/www.velehrad.org.uk\/?attachment_id=8107\" class=\"wp-image-8107\" srcset=\"http:\/\/www.velehrad.org.uk\/wp-content\/uploads\/2020\/02\/IMG_0633-e1583342235105-644x483.jpg 644w, http:\/\/www.velehrad.org.uk\/wp-content\/uploads\/2020\/02\/IMG_0633-e1583342235105-300x225.jpg 300w, http:\/\/www.velehrad.org.uk\/wp-content\/uploads\/2020\/02\/IMG_0633-e1583342235105-768x576.jpg 768w, http:\/\/www.velehrad.org.uk\/wp-content\/uploads\/2020\/02\/IMG_0633-e1583342235105.jpg 1632w\" sizes=\"auto, (max-width: 644px) 100vw, 644px\" \/><\/figure><\/li><\/ul>\n","protected":false},"excerpt":{"rendered":"<p>P\u0159in\u00e1\u0161\u00edme fotografie ze soboty 29. \u00fanora, kdy se na Velehrad\u011b konal koncert student\u016f s n\u00e1zvem From Chopin to Shostakovich.  <a class=\"read-more-link\" href=\"http:\/\/www.velehrad.org.uk\/?p=8110\">\u010ct\u011bte v\u00edce<\/a><\/p>\n","protected":false},"author":1,"featured_media":8108,"comment_status":"closed","ping_status":"closed","sticky":false,"template":"","format":"standard","meta":{"ngg_post_thumbnail":0,"footnotes":""},"categories":[20],"tags":[],"class_list":["post-8110","post","type-post","status-publish","format-standard","has-post-thumbnail","hentry","category-novinky"],"post_mailing_queue_ids":[],"_links":{"self":[{"href":"http:\/\/www.velehrad.org.uk\/index.php?rest_route=\/wp\/v2\/posts\/8110","targetHints":{"allow":["GET"]}}],"collection":[{"href":"http:\/\/www.velehrad.org.uk\/index.php?rest_route=\/wp\/v2\/posts"}],"about":[{"href":"http:\/\/www.velehrad.org.uk\/index.php?rest_route=\/wp\/v2\/types\/post"}],"author":[{"embeddable":true,"href":"http:\/\/www.velehrad.org.uk\/index.php?rest_route=\/wp\/v2\/users\/1"}],"replies":[{"embeddable":true,"href":"http:\/\/www.velehrad.org.uk\/index.php?rest_route=%2Fwp%2Fv2%2Fcomments&post=8110"}],"version-history":[{"count":1,"href":"http:\/\/www.velehrad.org.uk\/index.php?rest_route=\/wp\/v2\/posts\/8110\/revisions"}],"predecessor-version":[{"id":8112,"href":"http:\/\/www.velehrad.org.uk\/index.php?rest_route=\/wp\/v2\/posts\/8110\/revisions\/8112"}],"wp:featuredmedia":[{"embeddable":true,"href":"http:\/\/www.velehrad.org.uk\/index.php?rest_route=\/wp\/v2\/media\/8108"}],"wp:attachment":[{"href":"http:\/\/www.velehrad.org.uk\/index.php?rest_route=%2Fwp%2Fv2%2Fmedia&parent=8110"}],"wp:term":[{"taxonomy":"category","embeddable":true,"href":"http:\/\/www.velehrad.org.uk\/index.php?rest_route=%2Fwp%2Fv2%2Fcategories&post=8110"},{"taxonomy":"post_tag","embeddable":true,"href":"http:\/\/www.velehrad.org.uk\/index.php?rest_route=%2Fwp%2Fv2%2Ftags&post=8110"}],"curies":[{"name":"wp","href":"https:\/\/api.w.org\/{rel}","templated":true}]}}