{"id":8113,"date":"2020-03-04T19:26:25","date_gmt":"2020-03-04T17:26:25","guid":{"rendered":"http:\/\/www.velehrad.org.uk\/?p=8113"},"modified":"2020-03-04T19:26:31","modified_gmt":"2020-03-04T17:26:31","slug":"duo-brikcius-na-velehrade-sobota-29-brezna","status":"publish","type":"post","link":"http:\/\/www.velehrad.org.uk\/?p=8113","title":{"rendered":"Duo Brikcius na Velehrad\u011b, sobota 29. b\u0159ezna"},"content":{"rendered":"\n<figure class=\"wp-block-image\"><img loading=\"lazy\" decoding=\"async\" width=\"644\" height=\"911\" src=\"http:\/\/www.velehrad.org.uk\/wp-content\/uploads\/2020\/03\/BRIKCIUS-Programme.2020.London.Velehrad.Poster.A4-644x911.jpg\" alt=\"\" class=\"wp-image-8114\" srcset=\"http:\/\/www.velehrad.org.uk\/wp-content\/uploads\/2020\/03\/BRIKCIUS-Programme.2020.London.Velehrad.Poster.A4-644x911.jpg 644w, http:\/\/www.velehrad.org.uk\/wp-content\/uploads\/2020\/03\/BRIKCIUS-Programme.2020.London.Velehrad.Poster.A4-212x300.jpg 212w, http:\/\/www.velehrad.org.uk\/wp-content\/uploads\/2020\/03\/BRIKCIUS-Programme.2020.London.Velehrad.Poster.A4-768x1087.jpg 768w, http:\/\/www.velehrad.org.uk\/wp-content\/uploads\/2020\/03\/BRIKCIUS-Programme.2020.London.Velehrad.Poster.A4.jpg 1000w\" sizes=\"auto, (max-width: 644px) 100vw, 644px\" \/><figcaption>You are invited to the Cello Recital DUO BRIKCIUS [2 Cellists &#8211; 2 Siblings], that will take place on Sunday 29th March 2020 at 7 p.m, at Velehrad London (39 Lonsdale Road, London, SW13 9JP).\r\rThe two cellists, brother and sister Anna Brikciusov\u00e1 and Franti\u0161ek Brikcius (Duo Brikcius), will introduce a programme for two cellos featuring Duo pour 2 violoncelles, op. 53 n\u00b01 by French composer of German origin Jacques Offenbach (1819 &#8211; 1880), Composition for two cellos by Czech composer Bohuslav Martin\u016f (1890 &#8211; 1959), St\u00fccke by German composer Paul Hindemith (1895-1963). Then Fantasie IV. for Two Cellos (2008) and Bridges for Two Cellos (2009) by Czech composer and organist Irena Kos\u00edkov\u00e1, who lives in France. The music is dedicated to Swiss bridge builder Toni R\u00fcttimann. Followed by Concerto per 2 violoncelli g-moll, RV 531 by Italian baroque composer Antonio Vivaldi (1678 &#8211; 1741). As a special encore Duo Brikcius will play the Presto by Czech composer Leo\u0161 Jan\u00e1\u010dek (1854 &#8211; 1928).\r\rThis event is commemorating the 140th anniversary of the death of French &#8211; German composer Jacques Offenbach. The Czernin hall is provided by the Trustees of Velehrad London.\r\rAdmission \u00a310 (+ \u00a31.37 booking fee \/ include a glass of wine and light refreshments) via Eventbrite. Tickets will also be available at the door. Please book early as seats are limited &#8211; https:\/\/DuoBrikciusVelehrad.eventbrite.co.uk .\r\r\rNearest underground Hammersmith and 15 minutes walk or train to Barnes or Barnes Bridge and bus 419 (will stop in front of Velehrad).\r\rFor more details visit http:\/\/www.Velehrad.org.uk and follow @Brikcius via http:\/\/Twitter.com\/Brikcius and https:\/\/www.facebook.com\/Brikcius<\/figcaption><\/figure>\n","protected":false},"excerpt":{"rendered":"<p>Srde\u010dn\u011b V\u00e1s zveme na cello recital Duo Brikcius, kter\u00e9 se bude konat na Velehrad\u011b 29. b\u0159ezna od 19 hodin.  <a class=\"read-more-link\" href=\"http:\/\/www.velehrad.org.uk\/?p=8113\">\u010ct\u011bte v\u00edce<\/a><\/p>\n","protected":false},"author":1,"featured_media":8115,"comment_status":"closed","ping_status":"closed","sticky":false,"template":"","format":"standard","meta":{"ngg_post_thumbnail":0,"footnotes":""},"categories":[20],"tags":[],"class_list":["post-8113","post","type-post","status-publish","format-standard","has-post-thumbnail","hentry","category-novinky"],"post_mailing_queue_ids":[],"_links":{"self":[{"href":"http:\/\/www.velehrad.org.uk\/index.php?rest_route=\/wp\/v2\/posts\/8113","targetHints":{"allow":["GET"]}}],"collection":[{"href":"http:\/\/www.velehrad.org.uk\/index.php?rest_route=\/wp\/v2\/posts"}],"about":[{"href":"http:\/\/www.velehrad.org.uk\/index.php?rest_route=\/wp\/v2\/types\/post"}],"author":[{"embeddable":true,"href":"http:\/\/www.velehrad.org.uk\/index.php?rest_route=\/wp\/v2\/users\/1"}],"replies":[{"embeddable":true,"href":"http:\/\/www.velehrad.org.uk\/index.php?rest_route=%2Fwp%2Fv2%2Fcomments&post=8113"}],"version-history":[{"count":1,"href":"http:\/\/www.velehrad.org.uk\/index.php?rest_route=\/wp\/v2\/posts\/8113\/revisions"}],"predecessor-version":[{"id":8116,"href":"http:\/\/www.velehrad.org.uk\/index.php?rest_route=\/wp\/v2\/posts\/8113\/revisions\/8116"}],"wp:featuredmedia":[{"embeddable":true,"href":"http:\/\/www.velehrad.org.uk\/index.php?rest_route=\/wp\/v2\/media\/8115"}],"wp:attachment":[{"href":"http:\/\/www.velehrad.org.uk\/index.php?rest_route=%2Fwp%2Fv2%2Fmedia&parent=8113"}],"wp:term":[{"taxonomy":"category","embeddable":true,"href":"http:\/\/www.velehrad.org.uk\/index.php?rest_route=%2Fwp%2Fv2%2Fcategories&post=8113"},{"taxonomy":"post_tag","embeddable":true,"href":"http:\/\/www.velehrad.org.uk\/index.php?rest_route=%2Fwp%2Fv2%2Ftags&post=8113"}],"curies":[{"name":"wp","href":"https:\/\/api.w.org\/{rel}","templated":true}]}}