{"id":8125,"date":"2020-03-17T16:09:20","date_gmt":"2020-03-17T14:09:20","guid":{"rendered":"http:\/\/www.velehrad.org.uk\/?p=8125"},"modified":"2020-03-17T16:10:56","modified_gmt":"2020-03-17T14:10:56","slug":"koncerty-zruseny","status":"publish","type":"post","link":"http:\/\/www.velehrad.org.uk\/?p=8125","title":{"rendered":"Koncerty zru\u0161eny"},"content":{"rendered":"\n<p>Dear friends,<\/p>\n\n\n\n<p>This is to give you the sad but not unexpected news that the concert that the&nbsp;<strong>Pra\u017e\u00e1k Quartet<\/strong>&nbsp;were to have given at Velehrad, Barnes, on&nbsp;<strong>Saturday 21 March<\/strong>&nbsp;has been&nbsp;<strong>cancelled<\/strong>. The quartet are unable to travel to the UK because of the travel restrictions imposed by the Czech government.<\/p>\n\n\n\n<p>The concert of&nbsp;<strong>Duo Brikcius<\/strong>&nbsp;planned for&nbsp;<strong>Sunday the 29th March<\/strong>&nbsp;has also been&nbsp;<strong>cancelled&nbsp;<\/strong>for the same reason.<\/p>\n\n\n\n<p>Best wishes<\/p>\n\n\n\n<p>Ludmila<\/p>\n","protected":false},"excerpt":{"rendered":"<p>Mil\u00ed p\u0159\u00e1tel\u00e9, p\u0159in\u00e1\u0161\u00edme V\u00e1m smutn\u00e9 zpr\u00e1vy. Koncerty, kter\u00e9 se m\u011bly na Velehrad\u011b konat 21. a 29. b\u0159ezna, jsou zru\u0161eny.  <a class=\"read-more-link\" href=\"http:\/\/www.velehrad.org.uk\/?p=8125\">\u010ct\u011bte v\u00edce<\/a><\/p>\n","protected":false},"author":1,"featured_media":8126,"comment_status":"closed","ping_status":"closed","sticky":false,"template":"","format":"standard","meta":{"ngg_post_thumbnail":0,"footnotes":""},"categories":[20],"tags":[],"class_list":["post-8125","post","type-post","status-publish","format-standard","has-post-thumbnail","hentry","category-novinky"],"post_mailing_queue_ids":[],"_links":{"self":[{"href":"http:\/\/www.velehrad.org.uk\/index.php?rest_route=\/wp\/v2\/posts\/8125","targetHints":{"allow":["GET"]}}],"collection":[{"href":"http:\/\/www.velehrad.org.uk\/index.php?rest_route=\/wp\/v2\/posts"}],"about":[{"href":"http:\/\/www.velehrad.org.uk\/index.php?rest_route=\/wp\/v2\/types\/post"}],"author":[{"embeddable":true,"href":"http:\/\/www.velehrad.org.uk\/index.php?rest_route=\/wp\/v2\/users\/1"}],"replies":[{"embeddable":true,"href":"http:\/\/www.velehrad.org.uk\/index.php?rest_route=%2Fwp%2Fv2%2Fcomments&post=8125"}],"version-history":[{"count":2,"href":"http:\/\/www.velehrad.org.uk\/index.php?rest_route=\/wp\/v2\/posts\/8125\/revisions"}],"predecessor-version":[{"id":8128,"href":"http:\/\/www.velehrad.org.uk\/index.php?rest_route=\/wp\/v2\/posts\/8125\/revisions\/8128"}],"wp:featuredmedia":[{"embeddable":true,"href":"http:\/\/www.velehrad.org.uk\/index.php?rest_route=\/wp\/v2\/media\/8126"}],"wp:attachment":[{"href":"http:\/\/www.velehrad.org.uk\/index.php?rest_route=%2Fwp%2Fv2%2Fmedia&parent=8125"}],"wp:term":[{"taxonomy":"category","embeddable":true,"href":"http:\/\/www.velehrad.org.uk\/index.php?rest_route=%2Fwp%2Fv2%2Fcategories&post=8125"},{"taxonomy":"post_tag","embeddable":true,"href":"http:\/\/www.velehrad.org.uk\/index.php?rest_route=%2Fwp%2Fv2%2Ftags&post=8125"}],"curies":[{"name":"wp","href":"https:\/\/api.w.org\/{rel}","templated":true}]}}