{"id":8133,"date":"2020-03-27T15:46:42","date_gmt":"2020-03-27T13:46:42","guid":{"rendered":"http:\/\/www.velehrad.org.uk\/?p=8133"},"modified":"2020-04-27T15:32:46","modified_gmt":"2020-04-27T13:32:46","slug":"zprava-od-ceskych-knezi-z-rimskeho-nepomucena","status":"publish","type":"post","link":"http:\/\/www.velehrad.org.uk\/?p=8133","title":{"rendered":"Zpr\u00e1va od \u010desk\u00fdch kn\u011b\u017e\u00ed z \u0159\u00edmsk\u00e9ho Nepomucena a velikono\u010dn\u00ed k\u00e1z\u00e1n\u00ed"},"content":{"rendered":"\n<p>Mil\u00ed p\u0159\u00e1tel\u00e9, sestry a brat\u0159i, <\/p>\n\n\n\n<p><br>zdrav\u00edm v\u00e1s, na\u0161e farn\u00edky a chceme v\u00e1m \u0159\u00edct, \u017ee i kdy\u017e se o t\u011bchto velikonoc\u00edch neuvid\u00edme, jsme na d\u00e1lku s&nbsp;v\u00e1mi. Na\u0161e pravideln\u00e9 spole\u010dn\u00e9 m\u0161e na Velehrad\u011b v&nbsp;Lond\u00fdn\u011b se te\u010f nemohou konat, proto\u017ee my nem\u016f\u017eeme opou\u0161t\u011bt n\u00e1\u0161 d\u016fm v&nbsp;\u0158\u00edm\u011b a spousta v\u011bc\u00ed se zastavila.<\/p>\n\n\n\n<p><br>S&nbsp;obavami sledujeme v\u00fdvoj situace v&nbsp;Brit\u00e1nii a zvl\u00e1\u0161t\u011b v&nbsp;Lond\u00fdn\u011b a m\u00e1me o v\u00e1s starost. N\u011bjakou dobu se te\u010f pravd\u011bpodobn\u011b neuvid\u00edme, proto\u017ee chceme v\u0161ichni respektovat bezpe\u010dnostn\u00ed opat\u0159en\u00ed vl\u00e1dy. Chceme ale, abyste v\u011bd\u011bli, \u017ee na v\u00e1s mysl\u00edme a modl\u00edme se za v\u00e1s.<br><\/p>\n\n\n\n<p>A pros\u00edme v\u00e1s, abyste byli opatrn\u00ed a dodr\u017eovali pot\u0159ebn\u00e1 hygienick\u00e1 opat\u0159en\u00ed, kter\u00fdmi m\u016f\u017eeme hodn\u011b zredukovat nebezpe\u010d\u00ed. P\u0159ed ned\u00e1vnem na za\u010d\u00e1tku postn\u00ed doby jsme si \u0159\u00edkali: \u201ePamatuj \u010dlov\u011b\u010de, \u017ee jsi prach a v&nbsp;prach se obr\u00e1t\u00ed\u0161\u201c. Ta slova vyjad\u0159ovala, jak k\u0159ehk\u00fd je n\u00e1\u0161 \u017eivot a jak k\u0159ehk\u00fd je \u017eivot cel\u00e9ho lidstva. A te\u010f to konkr\u00e9tn\u011b za\u017e\u00edv\u00e1me. A tak se vlastn\u011b<br> potvrzuje to, v&nbsp;co v\u011b\u0159\u00edme. Ale tak\u00e9 jsme si \u0159\u00edkali: \u201eObra\u0165te se a v\u011b\u0159te evangeliu\u201c. A to je te\u010f velice aktu\u00e1ln\u00ed.<br><\/p>\n\n\n\n<p>Obr\u00e1tit se znamen\u00e1 zm\u011bnit zp\u016fsob, jak\u00fdm mysl\u00edme. Ten nejv\u011bt\u0161\u00ed nep\u0159\u00edtel nen\u00ed n\u011bjak\u00e1 n\u00e1kaza tam venku, ale m\u016f\u017ee b\u00fdt v&nbsp;na\u0161\u00ed hlav\u011b. Ve zp\u016fsobu, jak\u00fdm p\u0159em\u00fd\u0161l\u00edme. A tak je d\u016fle\u017eit\u00e9 nepodl\u00e9hat panice. A v\u011b\u0159it evangeliu. Jsme v&nbsp;Bo\u017e\u00ed ruce, na tom se nic nem\u011bn\u00ed.<\/p>\n\n\n\n<p>Budeme se sna\u017eit v\u00e1m zp\u0159\u00edstupnit n\u011bjak\u00e1 \u010desk\u00e1 k\u00e1z\u00e1n\u00ed, abychom v\u00e1s povzbudili. Jsme s&nbsp;v\u00e1mi a modl\u00edme se za v\u00e1s. A\u0165 v\u00e1s P\u00e1n B\u016fh opatruje, d\u00e1 v\u00e1m trp\u011blivost a sv\u00e9 po\u017eehn\u00e1n\u00ed<\/p>\n\n\n\n<p>P. Tom\u00e1\u0161 Roule P. Roman Czudek P. Vojt\u011bch Novotn\u00fd<\/p>\n\n\n\n<p>Pape\u017esk\u00e1 kolej Nepomucenum, \u0158\u00edm<\/p>\n\n\n\n<figure class=\"wp-block-embed-youtube wp-block-embed is-type-video is-provider-youtube wp-embed-aspect-16-9 wp-has-aspect-ratio\"><div class=\"wp-block-embed__wrapper\">\n<iframe loading=\"lazy\" width=\"840\" height=\"473\" src=\"https:\/\/www.youtube.com\/embed\/g1eoeT5KD9o?feature=oembed\" frameborder=\"0\" allow=\"accelerometer; autoplay; encrypted-media; gyroscope; picture-in-picture\" allowfullscreen><\/iframe>\n<\/div><\/figure>\n\n\n\n<h3 class=\"wp-block-heading\"><strong>Nahr\u00e1vka k\u00e1z\u00e1n\u00ed z ned\u011bln\u00ed&nbsp;rann\u00ed m\u0161e svat\u00e9 v Nepomucenu<\/strong><\/h3>\n\n\n\n<p><a rel=\"noreferrer noopener\" href=\"https:\/\/drive.google.com\/open?id=1mNookLfuH90uku6efWFjCMKMi1A399hi\" target=\"_blank\">https:\/\/drive.google.com\/open?id=1mNookLfuH90uku6efWFjCMKMi1A399hi<\/a><\/p>\n\n\n\n<h3 class=\"wp-block-heading\"><strong>Zpr\u00e1va z pra\u017esk\u00e9ho arcibiskupstv\u00ed<\/strong><\/h3>\n\n\n\n<p><a href=\"https:\/\/www.cirkev.cz\/cs\/aktuality\/200328biskup-karel-herbst-je-v-nemocnici\">https:\/\/www.cirkev.cz\/cs\/aktuality\/200328biskup-karel-herbst-je-v-nemocnici<\/a><\/p>\n\n\n\n<h3 class=\"wp-block-heading\"><strong>Velikono\u010dn\u00ed k\u00e1z\u00e1n\u00ed otce Romana Czudka<\/strong><\/h3>\n\n\n\n<p><a href=\"https:\/\/drive.google.com\/file\/d\/1LqJYZiH91Ehn-Ctwhe_ev4DcDCq9MBHS\/view\">https:\/\/drive.google.com\/file\/d\/1LqJYZiH91Ehn-Ctwhe_ev4DcDCq9MBHS\/view<\/a><\/p>\n\n\n\n<h3 class=\"wp-block-heading\"><strong>&#8220;Sermon from the empty church St. Salvator&#8221; in Czech and English&nbsp;<\/strong><\/h3>\n\n\n\n<figure class=\"wp-block-embed-youtube wp-block-embed is-type-video is-provider-youtube wp-embed-aspect-16-9 wp-has-aspect-ratio\"><div class=\"wp-block-embed__wrapper\">\n<iframe loading=\"lazy\" width=\"840\" height=\"473\" src=\"https:\/\/www.youtube.com\/embed\/1Vxx5y72gkY?feature=oembed\" frameborder=\"0\" allow=\"accelerometer; autoplay; encrypted-media; gyroscope; picture-in-picture\" allowfullscreen><\/iframe>\n<\/div><\/figure>\n\n\n\n<table class=\"wp-block-table\"><tbody><tr><\/tr><\/tbody><\/table>\n\n\n\n<figure class=\"wp-block-embed-youtube wp-block-embed is-type-video is-provider-youtube wp-embed-aspect-16-9 wp-has-aspect-ratio\"><div class=\"wp-block-embed__wrapper\">\n<iframe loading=\"lazy\" width=\"840\" height=\"473\" src=\"https:\/\/www.youtube.com\/embed\/XYQ69USmZIY?feature=oembed\" frameborder=\"0\" allow=\"accelerometer; autoplay; encrypted-media; gyroscope; picture-in-picture\" allowfullscreen><\/iframe>\n<\/div><\/figure>\n\n\n\n\n\n<p><\/p>\n","protected":false},"excerpt":{"rendered":"<p>P\u0159in\u00e1\u0161\u00edme V\u00e1m informaci z \u0158\u00edma od otce Tom\u00e1\u0161e Roule, Romana Czudka a Vojt\u011bcha Novotn\u00e9ho.  <a class=\"read-more-link\" href=\"http:\/\/www.velehrad.org.uk\/?p=8133\">\u010ct\u011bte v\u00edce<\/a><\/p>\n","protected":false},"author":1,"featured_media":8134,"comment_status":"closed","ping_status":"closed","sticky":false,"template":"","format":"standard","meta":{"ngg_post_thumbnail":0,"footnotes":""},"categories":[20],"tags":[],"class_list":["post-8133","post","type-post","status-publish","format-standard","has-post-thumbnail","hentry","category-novinky"],"post_mailing_queue_ids":[],"_links":{"self":[{"href":"http:\/\/www.velehrad.org.uk\/index.php?rest_route=\/wp\/v2\/posts\/8133","targetHints":{"allow":["GET"]}}],"collection":[{"href":"http:\/\/www.velehrad.org.uk\/index.php?rest_route=\/wp\/v2\/posts"}],"about":[{"href":"http:\/\/www.velehrad.org.uk\/index.php?rest_route=\/wp\/v2\/types\/post"}],"author":[{"embeddable":true,"href":"http:\/\/www.velehrad.org.uk\/index.php?rest_route=\/wp\/v2\/users\/1"}],"replies":[{"embeddable":true,"href":"http:\/\/www.velehrad.org.uk\/index.php?rest_route=%2Fwp%2Fv2%2Fcomments&post=8133"}],"version-history":[{"count":10,"href":"http:\/\/www.velehrad.org.uk\/index.php?rest_route=\/wp\/v2\/posts\/8133\/revisions"}],"predecessor-version":[{"id":8185,"href":"http:\/\/www.velehrad.org.uk\/index.php?rest_route=\/wp\/v2\/posts\/8133\/revisions\/8185"}],"wp:featuredmedia":[{"embeddable":true,"href":"http:\/\/www.velehrad.org.uk\/index.php?rest_route=\/wp\/v2\/media\/8134"}],"wp:attachment":[{"href":"http:\/\/www.velehrad.org.uk\/index.php?rest_route=%2Fwp%2Fv2%2Fmedia&parent=8133"}],"wp:term":[{"taxonomy":"category","embeddable":true,"href":"http:\/\/www.velehrad.org.uk\/index.php?rest_route=%2Fwp%2Fv2%2Fcategories&post=8133"},{"taxonomy":"post_tag","embeddable":true,"href":"http:\/\/www.velehrad.org.uk\/index.php?rest_route=%2Fwp%2Fv2%2Ftags&post=8133"}],"curies":[{"name":"wp","href":"https:\/\/api.w.org\/{rel}","templated":true}]}}