{"id":8142,"date":"2020-03-30T13:45:54","date_gmt":"2020-03-30T11:45:54","guid":{"rendered":"http:\/\/www.velehrad.org.uk\/?p=8142"},"modified":"2020-04-27T15:33:21","modified_gmt":"2020-04-27T13:33:21","slug":"frontna-vysila-ceska-kazani","status":"publish","type":"post","link":"http:\/\/www.velehrad.org.uk\/?p=8142","title":{"rendered":"Fortna vys\u00edl\u00e1 \u010desk\u00e1 k\u00e1z\u00e1n\u00ed"},"content":{"rendered":"\n<p>Fortna p\u0159in\u00e1\u0161\u00ed po\u0159ad U Ambonu. Slovo na ka\u017ed\u00fd den. U ambonu se st\u0159\u00eddaj\u00ed karmelit\u00e1ni Petr Glogar a Pavel Pola, salesi\u00e1n Ladislav Hery\u00e1n, jezuita Petr Vac\u00edk, spiritu\u00e1l Nepomucena Tom\u00e1\u0161 Roule a far\u00e1\u0159 na Lomci Josef Proke\u0161. K\u00e1z\u00e1n\u00ed m\u016f\u017eete poslouchat zde <a href=\"https:\/\/www.fortna.eu\/uambonu\">https:\/\/www.fortna.eu\/uambonu<\/a><br><\/p>\n","protected":false},"excerpt":{"rendered":"<p>P\u0159in\u00e1\u0161\u00edme V\u00e1m velmi zaj\u00edmav\u00e9 vys\u00edl\u00e1n\u00ed Fortny, kde m\u016f\u017eete ka\u017ed\u00fd den poslouchat nov\u00e9 k\u00e1z\u00e1n\u00ed.  <a class=\"read-more-link\" href=\"http:\/\/www.velehrad.org.uk\/?p=8142\">\u010ct\u011bte v\u00edce<\/a><\/p>\n","protected":false},"author":1,"featured_media":8141,"comment_status":"closed","ping_status":"closed","sticky":false,"template":"","format":"standard","meta":{"ngg_post_thumbnail":0,"footnotes":""},"categories":[20],"tags":[],"class_list":["post-8142","post","type-post","status-publish","format-standard","has-post-thumbnail","hentry","category-novinky"],"post_mailing_queue_ids":[],"_links":{"self":[{"href":"http:\/\/www.velehrad.org.uk\/index.php?rest_route=\/wp\/v2\/posts\/8142","targetHints":{"allow":["GET"]}}],"collection":[{"href":"http:\/\/www.velehrad.org.uk\/index.php?rest_route=\/wp\/v2\/posts"}],"about":[{"href":"http:\/\/www.velehrad.org.uk\/index.php?rest_route=\/wp\/v2\/types\/post"}],"author":[{"embeddable":true,"href":"http:\/\/www.velehrad.org.uk\/index.php?rest_route=\/wp\/v2\/users\/1"}],"replies":[{"embeddable":true,"href":"http:\/\/www.velehrad.org.uk\/index.php?rest_route=%2Fwp%2Fv2%2Fcomments&post=8142"}],"version-history":[{"count":3,"href":"http:\/\/www.velehrad.org.uk\/index.php?rest_route=\/wp\/v2\/posts\/8142\/revisions"}],"predecessor-version":[{"id":8186,"href":"http:\/\/www.velehrad.org.uk\/index.php?rest_route=\/wp\/v2\/posts\/8142\/revisions\/8186"}],"wp:featuredmedia":[{"embeddable":true,"href":"http:\/\/www.velehrad.org.uk\/index.php?rest_route=\/wp\/v2\/media\/8141"}],"wp:attachment":[{"href":"http:\/\/www.velehrad.org.uk\/index.php?rest_route=%2Fwp%2Fv2%2Fmedia&parent=8142"}],"wp:term":[{"taxonomy":"category","embeddable":true,"href":"http:\/\/www.velehrad.org.uk\/index.php?rest_route=%2Fwp%2Fv2%2Fcategories&post=8142"},{"taxonomy":"post_tag","embeddable":true,"href":"http:\/\/www.velehrad.org.uk\/index.php?rest_route=%2Fwp%2Fv2%2Ftags&post=8142"}],"curies":[{"name":"wp","href":"https:\/\/api.w.org\/{rel}","templated":true}]}}