{"id":8178,"date":"2020-04-27T15:29:39","date_gmt":"2020-04-27T13:29:39","guid":{"rendered":"http:\/\/www.velehrad.org.uk\/?p=8178"},"modified":"2020-07-03T09:00:55","modified_gmt":"2020-07-03T07:00:55","slug":"pastorace-zajimave-texty","status":"publish","type":"post","link":"http:\/\/www.velehrad.org.uk\/?p=8178","title":{"rendered":"Pastorace \u2013 zaj\u00edmav\u00e9 texty"},"content":{"rendered":"\n<p>V tomto p\u0159\u00edsp\u011bvku V\u00e1m budeme pravideln\u011b p\u0159in\u00e1\u0161et nejr\u016fzn\u011bj\u0161\u00ed k\u00e1z\u00e1n\u00ed a zaj\u00edmav\u00e9 texty. <\/p>\n\n\n\n<h3 class=\"wp-block-heading\"><strong>Lond\u00fdnsk\u00e1 \u010desk\u00e1 m\u0161e p\u0159es Zoom\u00a0<\/strong><\/h3>\n\n\n\n<p style=\"text-align:left\">Spr\u00e1vn\u00ed rada lond\u00fdnsk\u00e9ho Velehradu zorganizovala v ned\u011bli\u00a028. \u010dervna o druh\u00e9 hodin\u011b \u010deskou m\u0161i sd\u00edlenou p\u0159es Zoom\u00a0a slou\u017eenou P. Tom\u00e1\u0161em Roulem z \u0158\u00edma. Dvac\u00edtka krajan\u016f\u00a0si mohla s tro\u0161kou nads\u00e1zky p\u0159ipadat jako v norm\u00e1ln\u00ed, ,,mimokoronavirov\u00e9 dob\u011b\u2018\u2018, kdy se v ned\u011bli o druh\u00e9 konaj\u00ed v\u00a0s\u00e1le lond\u00fdnsk\u00e9ho Velehradu \u010desk\u00e9 m\u0161e a Otec Tom\u00e1\u0161 b\u00fdv\u00e1\u00a0\u010dasto celebrantem. T\u00e9matem promluvy byli sv. Petr a Pavel,\u00a0coby stabilita versus rozmach prvotn\u00ed c\u00edrkve a tedy jej\u00ed dva\u00a0pil\u00ed\u0159e, slu\u010duj\u00edc\u00ed tradici a reformy. Krajan\u00e9 video-m\u0161i ocenili. <\/p>\n\n\n\n<ul class=\"wp-block-gallery columns-3 is-cropped wp-block-gallery-1 is-layout-flex wp-block-gallery-is-layout-flex\"><li class=\"blocks-gallery-item\"><figure><img loading=\"lazy\" decoding=\"async\" width=\"644\" height=\"363\" src=\"http:\/\/www.velehrad.org.uk\/wp-content\/uploads\/2020\/07\/Screen-Shot-2020-06-28-at-14.54.21-644x363.png\" alt=\"\" data-id=\"8234\" class=\"wp-image-8234\" srcset=\"http:\/\/www.velehrad.org.uk\/wp-content\/uploads\/2020\/07\/Screen-Shot-2020-06-28-at-14.54.21-644x363.png 644w, http:\/\/www.velehrad.org.uk\/wp-content\/uploads\/2020\/07\/Screen-Shot-2020-06-28-at-14.54.21-300x169.png 300w, http:\/\/www.velehrad.org.uk\/wp-content\/uploads\/2020\/07\/Screen-Shot-2020-06-28-at-14.54.21-768x433.png 768w\" sizes=\"auto, (max-width: 644px) 100vw, 644px\" \/><\/figure><\/li><li class=\"blocks-gallery-item\"><figure><img loading=\"lazy\" decoding=\"async\" width=\"644\" height=\"382\" src=\"http:\/\/www.velehrad.org.uk\/wp-content\/uploads\/2020\/07\/Screen-Shot-2020-06-28-at-15.21.28-644x382.png\" alt=\"\" data-id=\"8235\" data-link=\"http:\/\/www.velehrad.org.uk\/?attachment_id=8235\" class=\"wp-image-8235\" srcset=\"http:\/\/www.velehrad.org.uk\/wp-content\/uploads\/2020\/07\/Screen-Shot-2020-06-28-at-15.21.28-644x382.png 644w, http:\/\/www.velehrad.org.uk\/wp-content\/uploads\/2020\/07\/Screen-Shot-2020-06-28-at-15.21.28-300x178.png 300w, http:\/\/www.velehrad.org.uk\/wp-content\/uploads\/2020\/07\/Screen-Shot-2020-06-28-at-15.21.28-768x456.png 768w\" sizes=\"auto, (max-width: 644px) 100vw, 644px\" \/><\/figure><\/li><li class=\"blocks-gallery-item\"><figure><img loading=\"lazy\" decoding=\"async\" width=\"644\" height=\"412\" src=\"http:\/\/www.velehrad.org.uk\/wp-content\/uploads\/2020\/07\/Screen-Shot-2020-06-28-at-15.06.14-644x412.png\" alt=\"\" data-id=\"8236\" data-link=\"http:\/\/www.velehrad.org.uk\/?attachment_id=8236\" class=\"wp-image-8236\" srcset=\"http:\/\/www.velehrad.org.uk\/wp-content\/uploads\/2020\/07\/Screen-Shot-2020-06-28-at-15.06.14-644x412.png 644w, http:\/\/www.velehrad.org.uk\/wp-content\/uploads\/2020\/07\/Screen-Shot-2020-06-28-at-15.06.14-300x192.png 300w, http:\/\/www.velehrad.org.uk\/wp-content\/uploads\/2020\/07\/Screen-Shot-2020-06-28-at-15.06.14-768x491.png 768w\" sizes=\"auto, (max-width: 644px) 100vw, 644px\" \/><\/figure><\/li><\/ul>\n\n\n\n<h3 class=\"wp-block-heading\"><strong>K\u0158ES\u0164ANSK\u00c1 AKADEMIE\u00a0Spole\u010dnost a c\u00edrkev v dob\u011b krize. Pou\u010den\u00ed z pandemie.<\/strong><\/h3>\n\n\n\n<figure class=\"wp-block-embed-youtube wp-block-embed is-type-video is-provider-youtube wp-embed-aspect-16-9 wp-has-aspect-ratio\"><div class=\"wp-block-embed__wrapper\">\n<iframe loading=\"lazy\" width=\"840\" height=\"473\" src=\"https:\/\/www.youtube.com\/embed\/_0Y0-T2cwIw?feature=oembed\" frameborder=\"0\" allow=\"accelerometer; autoplay; encrypted-media; gyroscope; picture-in-picture\" allowfullscreen><\/iframe>\n<\/div><\/figure>\n\n\n\n<p><\/p>\n\n\n\n<h3 class=\"wp-block-heading\"><strong>Zaj\u00edmav\u00e9 reflexe z Nepomucena<\/strong><\/h3>\n\n\n\n<p><a href=\"http:\/\/nepomucenum.it\/promluvy\/2020-06-21-12NedeleVMezidobi.mp3\">http:\/\/nepomucenum.it\/promluvy\/2020-06-21-12NedeleVMezidobi.mp3<\/a><\/p>\n\n\n\n<p><a href=\"http:\/\/nepomucenum.it\/promluvy\/2020-06-14-TelaAKrvePane.mp3\">http:\/\/nepomucenum.it\/promluvy\/2020-06-14-TelaAKrvePane.mp3<\/a><\/p>\n\n\n\n<p><a href=\"http:\/\/nepomucenum.it\/promluvy\/2020-06-07-NejsvetejsiTrojice.mp\">http:\/\/nepomucenum.it\/promluvy\/2020-06-07-NejsvetejsiTrojice.mp<\/a><\/p>\n\n\n\n<p><a href=\"http:\/\/nepomucenum.it\/promluvy\/2020-04-05-KvetnaNedele.mp3\">http:\/\/nepomucenum.it\/promluvy\/2020-04-05-KvetnaNedele.mp3<\/a><\/p>\n\n\n\n<p><a href=\"http:\/\/nepomucenum.it\/promluvy\/2020-04-12-ZmrtvychvstaniPane.mp3\">http:\/\/nepomucenum.it\/promluvy\/2020-04-12-ZmrtvychvstaniPane.mp3<\/a><\/p>\n\n\n\n<p><a href=\"http:\/\/nepomucenum.it\/promluvy\/2020-04-19-2NedeleVelikonocni.mp3\">http:\/\/nepomucenum.it\/promluvy\/2020-04-19-2NedeleVelikonocni.mp3<\/a><\/p>\n\n\n\n<p><a href=\"http:\/\/nepomucenum.it\/promluvy\/2020-04-26-3NedeleVelikonocni.mp3\">http:\/\/nepomucenum.it\/promluvy\/2020-04-26-3NedeleVelikonocni.mp3<\/a><\/p>\n\n\n\n<p><a href=\"http:\/\/nepomucenum.it\/promluvy\/2020-05-03-4NedeleVelikonocni.mp3\">http:\/\/nepomucenum.it\/promluvy\/2020-05-03-4NedeleVelikonocni.mp3<\/a><\/p>\n\n\n\n<p><a href=\"http:\/\/nepomucenum.it\/promluvy\/2020-05-10-5NedeleVelikonocni.mp3\">http:\/\/nepomucenum.it\/promluvy\/2020-05-10-5NedeleVelikonocni.mp3<\/a><\/p>\n\n\n\n<p><a href=\"http:\/\/nepomucenum.it\/promluvy\/2020-05-16-SvJanNepomucky.mp3\">http:\/\/nepomucenum.it\/promluvy\/2020-05-16-SvJanNepomucky.mp3<\/a><\/p>\n\n\n\n<p><a href=\"http:\/\/nepomucenum.it\/promluvy\/2020-05-17-6NedeleVelikonocni.mp3\">http:\/\/nepomucenum.it\/promluvy\/2020-05-17-6NedeleVelikonocni.mp3<\/a><\/p>\n\n\n\n<p><a href=\"http:\/\/nepomucenum.it\/promluvy\/2020-05-24-NanebevstoupeniPane.mp3\">http:\/\/nepomucenum.it\/promluvy\/2020-05-24-NanebevstoupeniPane.mp3<\/a><\/p>\n\n\n\n<p><a href=\"http:\/\/nepomucenum.it\/promluvy\/2020-05-30-SeslaniDuchaSvateho-Vigilie.mp3\">http:\/\/nepomucenum.it\/promluvy\/2020-05-30-SeslaniDuchaSvateho-Vigilie.mp3<\/a><\/p>\n\n\n\n<p><a href=\"http:\/\/nepomucenum.it\/promluvy\/2020-05-31-SeslaniDuchaSvateho.mp3\">http:\/\/nepomucenum.it\/promluvy\/2020-05-31-SeslaniDuchaSvateho.mp3<\/a><\/p>\n\n\n\n<h3 class=\"wp-block-heading\"><strong>\u010cl\u00e1nek z&nbsp;\u201eChristnet\u201c o c\u00edrkvi v&nbsp;dob\u011b koronaviru<\/strong><\/h3>\n\n\n\n<p><a href=\"http:\/\/www.christnet.eu\/clanky\/6395\/co_prineslo_uzavreni_kostelu.url\">http:\/\/www.christnet.eu\/clanky\/6395\/co_prineslo_uzavreni_kostelu.url<\/a><\/p>\n\n\n\n<h3 class=\"wp-block-heading\"><strong>\u010cl\u00e1nek Tom\u00e1\u0161e Hal\u00edka v americk\u00e9m jezuitsk\u00e9m \u010dasopise \u201eAmerica. The Jesuit Review.\u201c<\/strong><\/h3>\n\n\n\n<p><a href=\"https:\/\/www.americamagazine.org\/arts-culture\/2019\/08\/27\/review-inspiring-witness-fr-tomas-halik\">https:\/\/www.americamagazine.org\/arts-culture\/2019\/08\/27\/review-inspiring-witness-fr-tomas-halik<\/a><\/p>\n\n\n\n<p><a href=\"https:\/\/www.americamagazine.org\/faith\/2020\/04\/03\/christianity-time-sickness\">https:\/\/www.americamagazine.org\/faith\/2020\/04\/03\/christianity-time-sickness<\/a><\/p>\n\n\n\n<h3 class=\"wp-block-heading\">Rozhovor s profesorem Hal\u00edkem<\/h3>\n\n\n\n<p><a href=\"http:\/\/acontemplativepath-wccm.org\/2020\/04\/27\/an-interview-with-prof-tomas-halik\/?fbclid=IwAR2hOGN0x_T2GQKucBrIQxb5_V5DLLOK0u826GFS0STNI9QCnv2ODI6iiEA\">http:\/\/acontemplativepath-wccm.org\/2020\/04\/27\/an-interview-with-prof-tomas-halik\/?fbclid=IwAR2hOGN0x_T2GQKucBrIQxb5_V5DLLOK0u826GFS0STNI9QCnv2ODI6iiEA<\/a><\/p>\n\n\n\n<h3 class=\"wp-block-heading\"><strong>Zpr\u00e1va z pra\u017esk\u00e9ho arcibiskupstv\u00ed<\/strong><\/h3>\n\n\n\n<p><a href=\"https:\/\/www.cirkev.cz\/cs\/aktuality\/200328biskup-karel-herbst-je-v-nemocnici\">https:\/\/www.cirkev.cz\/cs\/aktuality\/200328biskup-karel-herbst-je-v-nemocnici<\/a><\/p>\n\n\n\n<h3 class=\"wp-block-heading\"><strong>Velikono\u010dn\u00ed k\u00e1z\u00e1n\u00ed otce Romana Czudka<\/strong><\/h3>\n\n\n\n<p><a href=\"https:\/\/drive.google.com\/file\/d\/1LqJYZiH91Ehn-Ctwhe_ev4DcDCq9MBHS\/view\">https:\/\/drive.google.com\/file\/d\/1LqJYZiH91Ehn-Ctwhe_ev4DcDCq9MBHS\/view<\/a><\/p>\n","protected":false},"excerpt":{"rendered":"<p>P\u0159in\u00e1\u0161\u00edme V\u00e1m nejr\u016fzn\u011bj\u0161\u00ed k\u00e1z\u00e1n\u00ed a zaj\u00edmav\u00e9 texty.  <a class=\"read-more-link\" href=\"http:\/\/www.velehrad.org.uk\/?p=8178\">\u010ct\u011bte v\u00edce<\/a><\/p>\n","protected":false},"author":1,"featured_media":8179,"comment_status":"closed","ping_status":"closed","sticky":false,"template":"","format":"standard","meta":{"ngg_post_thumbnail":0,"footnotes":""},"categories":[20],"tags":[],"class_list":["post-8178","post","type-post","status-publish","format-standard","has-post-thumbnail","hentry","category-novinky"],"post_mailing_queue_ids":[],"_links":{"self":[{"href":"http:\/\/www.velehrad.org.uk\/index.php?rest_route=\/wp\/v2\/posts\/8178","targetHints":{"allow":["GET"]}}],"collection":[{"href":"http:\/\/www.velehrad.org.uk\/index.php?rest_route=\/wp\/v2\/posts"}],"about":[{"href":"http:\/\/www.velehrad.org.uk\/index.php?rest_route=\/wp\/v2\/types\/post"}],"author":[{"embeddable":true,"href":"http:\/\/www.velehrad.org.uk\/index.php?rest_route=\/wp\/v2\/users\/1"}],"replies":[{"embeddable":true,"href":"http:\/\/www.velehrad.org.uk\/index.php?rest_route=%2Fwp%2Fv2%2Fcomments&post=8178"}],"version-history":[{"count":13,"href":"http:\/\/www.velehrad.org.uk\/index.php?rest_route=\/wp\/v2\/posts\/8178\/revisions"}],"predecessor-version":[{"id":8237,"href":"http:\/\/www.velehrad.org.uk\/index.php?rest_route=\/wp\/v2\/posts\/8178\/revisions\/8237"}],"wp:featuredmedia":[{"embeddable":true,"href":"http:\/\/www.velehrad.org.uk\/index.php?rest_route=\/wp\/v2\/media\/8179"}],"wp:attachment":[{"href":"http:\/\/www.velehrad.org.uk\/index.php?rest_route=%2Fwp%2Fv2%2Fmedia&parent=8178"}],"wp:term":[{"taxonomy":"category","embeddable":true,"href":"http:\/\/www.velehrad.org.uk\/index.php?rest_route=%2Fwp%2Fv2%2Fcategories&post=8178"},{"taxonomy":"post_tag","embeddable":true,"href":"http:\/\/www.velehrad.org.uk\/index.php?rest_route=%2Fwp%2Fv2%2Ftags&post=8178"}],"curies":[{"name":"wp","href":"https:\/\/api.w.org\/{rel}","templated":true}]}}