{"id":8275,"date":"2020-08-20T15:05:21","date_gmt":"2020-08-20T13:05:21","guid":{"rendered":"http:\/\/www.velehrad.org.uk\/?p=8275"},"modified":"2020-08-20T15:28:24","modified_gmt":"2020-08-20T13:28:24","slug":"londynsky-velehrad-v-karantene","status":"publish","type":"post","link":"http:\/\/www.velehrad.org.uk\/?p=8275","title":{"rendered":"LOND\u00ddNSK\u00dd VELEHRAD V KARANT\u00c9N\u011a"},"content":{"rendered":"\n<p><span><span style=\"\">V\u00e1\u017een\u00ed p\u0159\u00e1tel\u00e9, b\u011bhem letn\u00edch pr\u00e1zdnin obvykle na Velehrad\u011b v\u00a0Barnes neb\u00fdv\u00e1 mnoho aktivit, ale letos m\u00e1me \u201evolno\u201c ji\u017e p\u011bt m\u011bs\u00edc\u016f. Opat\u0159en\u00ed kv\u016fli epidemii Covidu-19 zas\u00e1hla cel\u00fd sv\u011bt, a tak tak\u00e9 bohu\u017eel i pl\u00e1novan\u00e9 aktivity na lond\u00fdnsk\u00e9m Velehrad\u011b. Od za\u010d\u00e1tku b\u0159ezna bylo zru\u0161eno mnoho akc\u00ed.<\/span><\/span><\/p>\n\n\n\n<p><strong>Abych dala situaci do kontextu, tak pop\u00ed\u0161i, co prob\u00edhalo na Velehrad\u011b vloni a o co jsme letos asi p\u0159i\u0161li.<\/strong><\/p>\n\n\n\n<p><strong> Leden 2019 <\/strong><\/p>\n\n\n\n<ul class=\"wp-block-list\"><li><strong>V ned\u011bli 6.1.<\/strong> slou\u017eil otec Ji\u0159\u00ed Z\u00e1me\u010dn\u00edk z&nbsp;\u0158\u00edma v&nbsp;s\u00e1le \u201eEspinosa\u201c \u010deskou m\u0161i. <\/li><\/ul>\n\n\n\n<ul class=\"wp-block-list\"><li><strong>V&nbsp;ned\u011bli 13.1. <\/strong>za\u010dala v&nbsp;dom\u011b pravideln\u00e1 ned\u011bln\u00ed \u010desk\u00e1 \u0161koli\u010dka, kterou jsem zorganizovala pot\u00e9 co se M\u00ed\u0161a odst\u011bhovala z&nbsp;Anglie, za spolupr\u00e1ce u\u010ditelek Terezky, Kl\u00e1ry, Andrei, \u0160t\u011bp\u00e1nky a Radky. M\u00e1me dv\u011b skupinky mal\u00fdch d\u011bt\u00ed od 2 a p\u016fl do 7 mi let a jednu skupinku pro dosp\u011bl\u00e9. Pro rodi\u010de jsou v&nbsp;t\u00e9 dob\u011b k&nbsp;dispozici prostory Czeninovy haly, kde p\u0159i k\u00e1v\u011b, \u010daji a su\u0161enk\u00e1ch se seznamuj\u00ed a vznik\u00e1 mil\u00e1 komunita.<\/li><\/ul>\n\n\n\n<ul class=\"wp-block-list\"><li><strong>V&nbsp;sobotu 19.1. <\/strong>jsme jako ka\u017edoro\u010dn\u011b vzpomn\u011bli na z\u00e1palnou ob\u011b\u0165 Jana Palacha, ve velk\u00e9m po\u010dtu a za \u00fa\u010dasti z\u00e1stupc\u016f \u010desk\u00e9ho velvyslanectv\u00ed. Se\u0161li jsme se v&nbsp;zahrad\u011b u plastiky Jana Palacha, kterou Velehradu daroval v&nbsp;sedmdes\u00e1t\u00fdch letech jej\u00ed autor, zn\u00e1m\u00fd \u010desk\u00fd socha\u0159 Franta B\u011blsk\u00fd. Tentokr\u00e1t p\u0159ijel na n\u00e1v\u0161t\u011bvu z&nbsp;Prahy pan Josef Pazderka, b\u00fdval\u00fd redaktor \u010cesk\u00e9 televize (v Rusku a v&nbsp;Polsku) a nyn\u00ed \u0161\u00e9fredaktor webov\u00e9ho port\u00e1lu \u201eaktu\u00e1ln\u011b.cz\u201c. P\u0159ednesl velmi zaj\u00edmav\u00fd p\u0159\u00edsp\u011bvek. Program koordinoval Jan J\u016fn, zn\u00e1m\u00fd \u017eurnalista a redaktor na\u0161eho Velehradsk\u00e9ho  Z(S)pravodaje.<\/li><\/ul>\n\n\n\n<p><strong>\u00danor 2019<\/strong><\/p>\n\n\n\n<ul class=\"wp-block-list\"><li><strong>V p\u00e1tek 1.2.<\/strong> jsme byli op\u011bt poct\u011bni n\u00e1v\u0161t\u011bvou Smetanova klav\u00edrn\u00edho tria. Koncert v pln\u00e9 Czerninov\u011b hale se v\u0161em velmi l\u00edbil.<\/li><\/ul>\n\n\n\n<ul class=\"wp-block-list\"><li><strong>V&nbsp;ned\u011bli 10.2.<\/strong> jsme vyslechli p\u0159edn\u00e1\u0161ku o z\u00e1kladech k\u0159es\u0165ansk\u00e9 meditace, kterou p\u0159ednesl Vladim\u00edr Volr\u00e1b, kn\u011bz c\u00edrkve \u010ceskoslovensk\u00e9 z&nbsp;D\u011b\u010d\u00edna a \u010desk\u00fd koordin\u00e1tor Sv\u011btov\u00e9ho spole\u010denstv\u00ed k\u0159es\u0165ansk\u00e9 meditace.<\/li><\/ul>\n\n\n\n<ul class=\"wp-block-list\"><li><strong>V&nbsp;ned\u011bli 10.2. <\/strong>slou\u017eil \u010deskou m\u0161i otec Tom\u00e1\u0161 Roule, spiritu\u00e1l Nepomucena v&nbsp;\u0158\u00edm\u011b.<\/li><\/ul>\n\n\n\n<ul class=\"wp-block-list\"><li><strong>V&nbsp;\u00fater\u00fd 19.2.<\/strong> byl v&nbsp;Czerninov\u011b hale koncert organizovan\u00fd Barnes Music Society.<\/li><\/ul>\n\n\n\n<ul class=\"wp-block-list\"><li><strong>V&nbsp;\u00fanoru<\/strong> pokra\u010dovala ned\u011bln\u00ed \u010desk\u00e1 \u0161koli\u010dka.<\/li><\/ul>\n\n\n\n<p><strong>B\u0159ezen 2019 <\/strong><\/p>\n\n\n\n<ul class=\"wp-block-list\"><li><strong>V sobotu 9.3.<\/strong> prob\u011bhlo v&nbsp;Czerninov\u011b hale fin\u00e1le sout\u011b\u017ee \u201eBarnes Young Musicians of the Year\u201c.<\/li><\/ul>\n\n\n\n<ul class=\"wp-block-list\"><li><strong>V&nbsp;ned\u011bli 10.3. <\/strong>slou\u017eil otec Roman Czudek, rektor Nepomucena v&nbsp;\u0158\u00edm\u011b, \u010deskou<\/li><li> m\u0161i.<\/li><\/ul>\n\n\n\n<ul class=\"wp-block-list\"><li>V&nbsp;b\u0159eznu pokra\u010dovala ned\u011bln\u00ed \u010desk\u00e1 \u0161koli\u010dka.<\/li><\/ul>\n\n\n\n<p> <br><strong>Duben 2019<\/strong><\/p>\n\n\n\n<ul class=\"wp-block-list\"><li><strong>V&nbsp;sobotu 13.4.<\/strong> ve\u010der jsme se v&nbsp;hale se\u0161li na prom\u00edt\u00e1n\u00ed \u010desk\u00e9ho filmu Protektor, kter\u00e9 zorganizovala M\u00ed\u0161a Sanytrov\u00e1, na rozlou\u010den\u00ed p\u0159ed odst\u011bhov\u00e1n\u00edm do \u010cech.<\/li><\/ul>\n\n\n\n<ul class=\"wp-block-list\"><li><strong> V&nbsp;ned\u011bli 14.4.<\/strong> slou\u017eil m\u0161i otec Ji\u0159\u00ed Z\u00e1me\u010dn\u00edk z&nbsp;\u0158\u00edma a d\u011bti a rodi\u010de m\u011bli v hale velikono\u010dn\u00ed z\u00e1bavu s&nbsp;pleten\u00edm poml\u00e1zek a barven\u00edm vajec.<\/li><\/ul>\n\n\n\n<ul class=\"wp-block-list\"><li><strong>V&nbsp;sobotu 27.4. <\/strong>m\u011bla Dvo\u0159\u00e1kova spole\u010dnost v hale v\u00fdro\u010dn\u00ed sch\u016fzi a recit\u00e1l na oslavu 90t\u00fdch narozenin Karla Janovick\u00e9ho.<\/li><\/ul>\n\n\n\n<p><strong> Kv\u011bten 2019 <\/strong><\/p>\n\n\n\n<ul class=\"wp-block-list\"><li><strong> Ve st\u0159edu 8.5.<\/strong> byl v&nbsp;hale koncert, kter\u00fd organizovala Barnes Music Society.<\/li><\/ul>\n\n\n\n<ul class=\"wp-block-list\"><li><strong> V&nbsp;sobotu 18.5. <\/strong>po\u0159\u00e1dala v&nbsp;hale Spole\u010dnost pro v\u011bdu a um\u011bn\u00ed (SVU) kulturn\u00ed program.<\/li><\/ul>\n\n\n\n<ul class=\"wp-block-list\"><li><strong>Od dubna <\/strong>prob\u00edhaly v&nbsp;dom\u011b opravy, a tak musela b\u00fdt na \u010das p\u0159eru\u0161ena ned\u011bln\u00ed \u0161koli\u010dka i \u010desk\u00e9 m\u0161e.<\/li><\/ul>\n\n\n\n<p><br><strong> \u010cerven 2019<\/strong><\/p>\n\n\n\n<ul class=\"wp-block-list\"><li><strong>V&nbsp;p\u00e1tek 7.6. <\/strong>odpoledne p\u0159i\u0161la na Velehrad sen\u00e1tn\u00ed delegace v\u00fdboru pro krajany veden\u00e1 sen\u00e1torem Tom\u00e1\u0161em Czerninem. Doprov\u00e1zeli ji referenti z&nbsp;\u010desk\u00e9ho velvyslanectv\u00ed. Mezi pozvan\u00fdmi hosty byli z\u00e1stupci krajansk\u00fdch spolk\u016f a asociac\u00ed. Sen\u00e1tor Tom\u00e1\u0161 Czernin se na Velehrad\u011b tak\u00e9 setkal se svoj\u00ed tetou Lady Hazel Czernin (jej\u00ed man\u017eel, Count Josef Czernin, byl zakl\u00e1daj\u00edc\u00ed a dlouholet\u00fd trustee  lond\u00fdnsk\u00e9ho Velehradu).<\/li><\/ul>\n\n\n\n<ul class=\"wp-block-list\"><li><strong>V ned\u011bli 9.6. <\/strong>slou\u017eil \u010deskou m\u0161i otec Tom\u00e1\u0161 Roule v&nbsp;kostele St. Osmunds v&nbsp;Barnes. Kn\u011bz v&nbsp;St. Osmunds, Mons. Canon Cronin, poskytl kostel laskav\u011b k&nbsp;dispozici na\u0161\u00ed komunit\u011b.<\/li><\/ul>\n\n\n\n<ul class=\"wp-block-list\"><li> <strong>V&nbsp;ned\u011bli 30.6.<\/strong> jsme jako ka\u017edoro\u010dn\u011b po\u0159\u00e1dali zahradn\u00ed Svatoj\u00e1nskou slavnost. Po\u010das\u00ed p\u0159\u00e1lo a velk\u00e9 mno\u017estv\u00ed krajan\u016f se se\u0161lo a p\u0159ipomn\u011blo si st\u00e9 v\u00fdro\u010d\u00ed nedo\u017eit\u00fdch narozenin na\u0161eho zakladatele, otce Jana Langa, S.J. Po bohat\u00e9m ob\u010derstven\u00ed jsme si zazp\u00edvali za doprovodu housl\u00ed Leony a Marty cimb\u00e1lu.<\/li><\/ul>\n\n\n\n<p><strong>\u010cervenec 2019<\/strong><\/p>\n\n\n\n<ul class=\"wp-block-list\"><li>Na sv\u00e1tek Cyrila a Metod\u011bje, v&nbsp;ned\u011bli 7.7. jsme byli pozv\u00e1ni slovenskou misi\u00ed na m\u0161i a oslavu do kostela na London Bridge. Slovenskou m\u0161i koncelebroval \u010desk\u00fd kn\u011bz otec Petr P\u0159\u00e1dka S.J., provinci\u00e1l \u010desk\u00fdch jezuit\u016f.<\/li><\/ul>\n\n\n\n<ul class=\"wp-block-list\"><li>B\u011bhem l\u00e9ta pokra\u010dovaly v&nbsp;dom\u011b opravy a se\u0161li jsme se zase po pr\u00e1zdnin\u00e1ch.<\/li><\/ul>\n\n\n\n<p><strong> \u0158\u00edjen 2019 <\/strong><\/p>\n\n\n\n<ul class=\"wp-block-list\"><li><strong> 3. a 4.10. <\/strong>prob\u011bhla v hale sout\u011b\u017e mlad\u00fdch zp\u011bv\u00e1k\u016f organizovan\u00e1 Emmy Destinn Foundation.<\/li><\/ul>\n\n\n\n<ul class=\"wp-block-list\"><li><strong> V&nbsp;ned\u011bli 6.10. <\/strong>slou\u017eil otec Vojt\u011bch Novotn\u00fd, vicerektor Nepomucena v&nbsp;\u0158\u00edm\u011b, \u010deskou m\u0161i v&nbsp;s\u00e1le \u201eEspinosa\u201c (u\u017e po oprav\u011b) a odpoledne se z\u00fa\u010dastnil tradi\u010dn\u00ed Svatov\u00e1clavsk\u00e9 zahradn\u00ed slavnosti. Tentokr\u00e1t n\u00e1m p\u0159i\u0161la zatancovat skupinka d\u011bt\u00ed a rodi\u010d\u016f z&nbsp;\u010cesk\u00e9ho Ok\u00e9nka. Po v\u00fdborn\u00e9m ob\u010derstven\u00ed, kdy chleb\u00ed\u010dky p\u0159ipravily Trustees Marta, Mirka a Karin a b\u00e1je\u010dn\u00e9 kol\u00e1\u010de op\u011bt napekly sestry R\u016f\u017eena a Lola, jsme si zazp\u00edvali za doprovodu Leony housl\u00ed a Marty cimb\u00e1lu.<\/li><\/ul>\n\n\n\n<ul class=\"wp-block-list\"><li><strong>17.10. <\/strong>byl v&nbsp;hale koncert finalist\u016f sout\u011b\u017ee Emmy Destinn Foundation.<\/li><\/ul>\n\n\n\n<ul class=\"wp-block-list\"><li> V&nbsp;\u0159\u00edjnu za\u010dala op\u011bt ned\u011bln\u00ed \u010desk\u00e1 \u0161koli\u010dka.<\/li><\/ul>\n\n\n\n<p><strong> Listopad 2019<\/strong><\/p>\n\n\n\n<ul class=\"wp-block-list\"><li><strong> V&nbsp;sobotu 2.11. <\/strong>ve\u010der p\u0159i\u0161la na Velehrad skupina um\u011blc\u016f z&nbsp;pra\u017esk\u00e9 Violy a p\u0159edvedla v&nbsp;hale vtipn\u00fd a zaj\u00edmav\u00fd hudebn\u00ed program.<\/li><\/ul>\n\n\n\n<ul class=\"wp-block-list\"><li><strong> V&nbsp;ned\u011bli 3.11.<\/strong> slou\u017eil otec Tom\u00e1\u0161 Roule \u010deskou m\u0161i.<\/li><\/ul>\n\n\n\n<ul class=\"wp-block-list\"><li><strong> V&nbsp;sobotu 9.11.<\/strong> jsme v&nbsp;hale oslavili 30. v\u00fdro\u010d\u00ed \u201eSametov\u00e9 revoluce\u201c. Z Prahy p\u0159ijela na n\u00e1v\u0161t\u011bvu Dr. Barbara Day MBE a p\u0159ednesla velmi zaj\u00edmavou p\u0159edn\u00e1\u0161ku o situaci \u201epodzemn\u00ed university\u201c v&nbsp;\u010ceskoslovensku p\u0159ed rokem 1989.<\/li><\/ul>\n\n\n\n<ul class=\"wp-block-list\"><li><strong> V&nbsp;sobotu 30.11.<\/strong> jsme v&nbsp;hale vzpomn\u011bli nedo\u017eit\u00fdch devades\u00e1t\u00fdch narozenin skladatele a \u010dlena na\u0161\u00ed komunity, pana Anton\u00edna Tu\u010dapsk\u00e9ho. Klav\u00edrn\u00ed koncert z&nbsp;jeho d\u011bl zahr\u00e1la Margaret Bruce. <\/li><\/ul>\n\n\n\n<ul class=\"wp-block-list\"><li>V&nbsp;listopadu pokra\u010dovala ned\u011bln\u00ed \u010desk\u00e1 \u0161koli\u010dka.<\/li><\/ul>\n\n\n\n<p><strong> Prosinec 2019 <\/strong><\/p>\n\n\n\n<ul class=\"wp-block-list\"><li><strong> V ned\u011bli 10.12. <\/strong>slou\u017eil \u010deskou m\u0161i otec Roman Czudek a odpoledne se p\u0159idal k&nbsp;d\u011btem a rodi\u010d\u016fm, kte\u0159\u00ed v&nbsp;hale zp\u00edvali koledy a p\u0159iv\u00edtali svat\u00e9ho Mikul\u00e1\u0161e s&nbsp;and\u00edlky. Nad\u00edlka byla bohat\u00e1.<\/li><\/ul>\n\n\n\n<ul class=\"wp-block-list\"><li> V&nbsp;prosinci pokra\u010dovala ned\u011bln\u00ed \u010desk\u00e1 \u0161kolka.<\/li><\/ul>\n\n\n\n<p><strong> Leden 2020 <\/strong><\/p>\n\n\n\n<ul class=\"wp-block-list\"><li><strong> V&nbsp;ned\u011bli 5.1. <\/strong>slou\u017eil \u010deskou m\u0161i otec Vojt\u011bch Novotn\u00fd z&nbsp;\u0158\u00edma<\/li><\/ul>\n\n\n\n<ul class=\"wp-block-list\"><li><strong> V&nbsp;ned\u011bli 5.1. <\/strong>za\u010dala op\u011bt ned\u011bln\u00ed \u010desk\u00e1 \u0161koli\u010dka.<\/li><\/ul>\n\n\n\n<ul class=\"wp-block-list\"><li><strong>V&nbsp;pond\u011bl\u00ed 20.1. <\/strong>n\u00e1s op\u011bt nav\u0161t\u00edvilo Smetanovo klav\u00edrn\u00ed kvarteto a v&nbsp;pln\u00e9 hale zahr\u00e1lo n\u00e1dhern\u00fd koncert.<\/li><\/ul>\n\n\n\n<p><br><strong> \u00danor 2020 <\/strong><\/p>\n\n\n\n<ul class=\"wp-block-list\"><li><strong> V&nbsp;ned\u011bli 2.2. <\/strong>slou\u017eil \u010deskou m\u0161i otec Tom\u00e1\u0161 Roule.<\/li><\/ul>\n\n\n\n<ul class=\"wp-block-list\"><li><strong> 29.2. <\/strong>byl v&nbsp;hale kr\u00e1sn\u00fd koncert mlad\u00fdch um\u011blc\u016f, absolvent\u016f Goldsmith College, organizovan\u00fd Leonou a kolegy.<\/li><\/ul>\n\n\n\n<p><br><strong> B\u0159ezen 2020<\/strong><\/p>\n\n\n\n<ul class=\"wp-block-list\"><li> <strong>Od ned\u011ble 1.3.<\/strong> pokra\u010dovala ned\u011bln\u00ed \u010desk\u00e1 \u0161koli\u010dka.<\/li><\/ul>\n\n\n\n<ul class=\"wp-block-list\"><li><strong> V&nbsp;sobotu 8.3.<\/strong> prob\u011bhlo v&nbsp;hale fin\u00e1le sout\u011b\u017ee \u201eBarnes Young Musicians of the Year\u201c.<\/li><\/ul>\n\n\n\n<ul class=\"wp-block-list\"><li><strong> V&nbsp;ned\u011bli 9.3. <\/strong>byla v\u00fdro\u010dn\u00ed sch\u016fze Trustees, ale pl\u00e1novan\u00e1 \u010desk\u00e1 m\u0161e byla zru\u0161ena, kv\u016fli v\u00fdskytu covidu-19 v&nbsp;It\u00e1lii. Otec Roman Czudek nemohl z&nbsp;\u0158\u00edma p\u0159ilet\u011bt.<\/li><\/ul>\n\n\n\n<ul class=\"wp-block-list\"><li><strong>Koncert Pra\u017e\u00e1kova kvarteta a Recit\u00e1l Duo Brikcius <\/strong>pl\u00e1novan\u00e9 na konec b\u0159ezna byly tak\u00e9 kv\u016fli pandemii zru\u0161eny.<\/li><\/ul>\n\n\n\n<p><strong> Jaro 2020 <\/strong><\/p>\n\n\n\n<ul class=\"wp-block-list\"><li><strong>Na tradi\u010dn\u00ed jarn\u00ed Svatoj\u00e1nsk\u00e9 oslav\u011b<\/strong> ani na pl\u00e1novan\u00fdch koncertech, p\u0159edn\u00e1\u0161k\u00e1ch a filmov\u00fdch prom\u00edt\u00e1n\u00edch jsme se letos bohu\u017eel nemohli setkat<\/li><\/ul>\n\n\n\n<p><strong>\u010cervenec a srpen<\/strong> <\/p>\n\n\n\n<ul class=\"wp-block-list\"><li><strong>Otec Tom\u00e1\u0161 Roule <\/strong>slou\u017eil pro n\u00e1s m\u0161i \u201evirtu\u00e1ln\u011b\u201c na Zoomu.<\/li><li><\/li><\/ul>\n\n\n\n<p>Moment\u00e1ln\u011b st\u00e1le nen\u00ed jasn\u00e9, jak dlouho budou omezen\u00ed trvat a kdy bude k\u00a0dispozici vakc\u00edna pro ty z\u00a0n\u00e1s, kte\u0159\u00ed jsme star\u0161\u00ed nebo po v\u00e1\u017en\u00fdch nemocech. Ale douf\u00e1me, \u017ee bude mo\u017en\u00e9 je\u0161t\u011b letos pokra\u010dovat s\u00a0\u010deskou \u0161koli\u010dkou a op\u011bt se sej\u00edt na m\u0161i, p\u0159edn\u00e1\u0161k\u00e1ch, koncertech a oslav\u00e1ch <strong>(hled\u00e1me dobrovoln\u00edky na pomoc s organizac\u00ed aktivit, pros\u00edm p\u0159ihlaste se na ludmilastane@gmail.com)<\/strong><br><\/p>\n\n\n\n<p><strong>Pr\u00e1ce charity \u201eVelehrad London\u201c ale nestoj\u00ed a nepad\u00e1 s\u00a0aktivitami v\u00a0dom\u011b! <\/strong>Lond\u00fdnsk\u00fd Velehrad, registrovanou anglickou charitu, zalo\u017eil jesuita otec Jan Lang S.J a Count Josef Czernin kr\u00e1tce po konci druh\u00e9 sv\u011btov\u00e9 v\u00e1lky na pomoc v\u0161em pot\u0159ebn\u00fdm \u010deskoslovensk\u00fdm krajan\u016fm (ve vzd\u011bl\u00e1n\u00ed, v\u00a0pastoraci, v nouzi) <strong>a charita pom\u00e1hala krajan\u016fm dlouho p\u0159edt\u00edm, ne\u017e m\u011bla vlastn\u00ed prostory.<\/strong> A tak i kdy\u017e se v\u00a0dom\u011b nekonaj\u00ed akce, <strong>charita \u201eVelehrad London\u201c i nad\u00e1le poskytuje podporu pot\u0159ebn\u00fdm krajan\u016fm \u2013 a t\u011bch kv\u016fli epidemii p\u0159ibylo.<\/strong><br><\/p>\n\n\n\n<p><strong>B\u011bhem karant\u00e9ny i nad\u00e1le vych\u00e1z\u00ed \u201eVelehradsk\u00fd Z(S)pravodaj\u201c a rozes\u00edl\u00e1 se na stovky adres v\u00a0Brit\u00e1nii i do cel\u00e9ho sv\u011bta<\/strong> (je tak\u00e9 k\u00a0dispozici na webu, kde najdete i jin\u00e9 zaj\u00edmav\u00e9 informace www.velehrad.org.uk).<br><\/p>\n\n\n\n<p><strong>Aby bylo v\u00a0dom\u011b, v hale i v\u00a0zahrad\u011b v\u0161e v\u00a0po\u0159\u00e1dku<\/strong>, o to se i nad\u00e1le star\u00e1m s\u00a0pomoc\u00ed spr\u00e1vkyn\u011b domu Lupe a zahradn\u00edka Johna.<em><br><\/em> <\/p>\n\n\n\n<p>P\u0159eji v\u00e1m v\u0161em pevn\u00e9 zdrav\u00ed a t\u011b\u0161\u00edm se na setk\u00e1n\u00ed na Velehrad\u011b v\u00a0Barnes, a\u017e epidemie povol\u00ed.<br><strong> <\/strong><\/p>\n\n\n\n<p><em>Srpen 2020<\/em><\/p>\n\n\n\n<p><em>Ludmila Stane (Operations Manager &#8211; ludmilastane@gmail.com)<\/em><\/p>\n","protected":false},"excerpt":{"rendered":"<p>V\u00e1\u017een\u00ed p\u0159\u00e1tel\u00e9, b\u011bhem letn\u00edch pr\u00e1zdnin obvykle na Velehrad\u011b v\u00a0Barnes neb\u00fdv\u00e1 mnoho aktivit, ale letos m\u00e1me \u201evolno\u201c ji\u017e p\u011bt m\u011bs\u00edc\u016f. Opat\u0159en\u00ed kv\u016fli epidemii Covidu-19 zas\u00e1hla cel\u00fd sv\u011bt, a tak tak\u00e9 bohu\u017eel i pl\u00e1novan\u00e9 aktivity na lond\u00fdnsk\u00e9m Velehrad\u011b. Od za\u010d\u00e1tku b\u0159ezna bylo zru\u0161eno mnoho akc\u00ed. Abych dala situaci&hellip; <a class=\"read-more-link\" href=\"http:\/\/www.velehrad.org.uk\/?p=8275\">\u010ct\u011bte v\u00edce<\/a><\/p>\n","protected":false},"author":1,"featured_media":8276,"comment_status":"closed","ping_status":"closed","sticky":false,"template":"","format":"standard","meta":{"ngg_post_thumbnail":0,"footnotes":""},"categories":[20],"tags":[],"class_list":["post-8275","post","type-post","status-publish","format-standard","has-post-thumbnail","hentry","category-novinky"],"post_mailing_queue_ids":[],"_links":{"self":[{"href":"http:\/\/www.velehrad.org.uk\/index.php?rest_route=\/wp\/v2\/posts\/8275","targetHints":{"allow":["GET"]}}],"collection":[{"href":"http:\/\/www.velehrad.org.uk\/index.php?rest_route=\/wp\/v2\/posts"}],"about":[{"href":"http:\/\/www.velehrad.org.uk\/index.php?rest_route=\/wp\/v2\/types\/post"}],"author":[{"embeddable":true,"href":"http:\/\/www.velehrad.org.uk\/index.php?rest_route=\/wp\/v2\/users\/1"}],"replies":[{"embeddable":true,"href":"http:\/\/www.velehrad.org.uk\/index.php?rest_route=%2Fwp%2Fv2%2Fcomments&post=8275"}],"version-history":[{"count":5,"href":"http:\/\/www.velehrad.org.uk\/index.php?rest_route=\/wp\/v2\/posts\/8275\/revisions"}],"predecessor-version":[{"id":8285,"href":"http:\/\/www.velehrad.org.uk\/index.php?rest_route=\/wp\/v2\/posts\/8275\/revisions\/8285"}],"wp:featuredmedia":[{"embeddable":true,"href":"http:\/\/www.velehrad.org.uk\/index.php?rest_route=\/wp\/v2\/media\/8276"}],"wp:attachment":[{"href":"http:\/\/www.velehrad.org.uk\/index.php?rest_route=%2Fwp%2Fv2%2Fmedia&parent=8275"}],"wp:term":[{"taxonomy":"category","embeddable":true,"href":"http:\/\/www.velehrad.org.uk\/index.php?rest_route=%2Fwp%2Fv2%2Fcategories&post=8275"},{"taxonomy":"post_tag","embeddable":true,"href":"http:\/\/www.velehrad.org.uk\/index.php?rest_route=%2Fwp%2Fv2%2Ftags&post=8275"}],"curies":[{"name":"wp","href":"https:\/\/api.w.org\/{rel}","templated":true}]}}