{"id":8302,"date":"2020-11-02T20:45:47","date_gmt":"2020-11-02T18:45:47","guid":{"rendered":"http:\/\/www.velehrad.org.uk\/?p=8302"},"modified":"2020-11-02T20:45:47","modified_gmt":"2020-11-02T18:45:47","slug":"brexit-novinky","status":"publish","type":"post","link":"http:\/\/www.velehrad.org.uk\/?p=8302","title":{"rendered":"Brexit: Novinky"},"content":{"rendered":"\n<p>Dear Colleagues, Friends, EU citizens in the UK, &nbsp;<\/p>\n\n\n\n<p>You may be aware that as a result of Brexit&nbsp;<strong>EU citizens and their family members<\/strong>&nbsp;<strong>must apply for a new immigration<\/strong>&nbsp;status under the&nbsp;<a href=\"https:\/\/www.gov.uk\/settled-status-eu-citizens-families\" target=\"_blank\" rel=\"noreferrer noopener\">UK Government\u2019s EU Settlement Scheme<\/a>&nbsp;if they intend to continue to live in the UK. Failing to do so will result in these citizens not having an immigration status in the UK beyond 30 June 2021.<\/p>\n\n\n\n<p><strong>Vulnerable groups of citizens<\/strong>&nbsp;\u2013 such as the elderly, those with lower digital literacy and limited access to the online application process, children in care, those with lower levels of English, those who live in poverty and many more \u2013&nbsp;<strong>may not be aware that they need to take action<\/strong>&nbsp;and could find it more challenging to submit an application for the new status. Furthermore, in the ongoing&nbsp;<strong>Covid-19 pandemic<\/strong>&nbsp;helping citizens through&nbsp;<strong>face-to-face contacts has become more difficult<\/strong>&nbsp;than ever.<\/p>\n\n\n\n<p>In order to get information to those who need this the most the EU Delegation has published a&nbsp;<strong>series of information leaflets<\/strong>&nbsp;which are available here:<\/p>\n\n\n\n<p>\u00b7&nbsp;&nbsp;&nbsp;&nbsp;&nbsp;&nbsp;&nbsp;&nbsp;&nbsp;<a href=\"https:\/\/op.europa.eu\/en\/publication-detail\/-\/publication\/ed317823-9fc4-11ea-9d2d-01aa75ed71a1\" target=\"_blank\" rel=\"noreferrer noopener\">What you need to know as an EU citizen living in the UK<\/a><\/p>\n\n\n\n<p>\u00b7&nbsp;&nbsp;&nbsp;&nbsp;&nbsp;&nbsp;&nbsp;&nbsp;&nbsp;<a href=\"https:\/\/op.europa.eu\/en\/publication-detail\/-\/publication\/d5c0ac34-b689-11ea-bb7a-01aa75ed71a1\/language-en\" target=\"_blank\" rel=\"noreferrer noopener\">What you need to know as a senior EU citizen living in the UK<\/a><\/p>\n\n\n\n<p>\u00b7&nbsp;&nbsp;&nbsp;&nbsp;&nbsp;&nbsp;&nbsp;&nbsp;&nbsp;<a href=\"https:\/\/op.europa.eu\/en\/publication-detail\/-\/publication\/d0c072f4-e355-11ea-ad25-01aa75ed71a1\/language-en\/format-PDF\/source-155482312\" target=\"_blank\" rel=\"noreferrer noopener\">What you need to know as a non-EU citizen living in the UK if you have, or had, a family connection to an EU citizen<\/a><\/p>\n\n\n\n<p>We understand that you may have had the capacity before Covid-19 to reach EU citizens in the UK. In case you still can, we\u2019d be grateful if you could&nbsp;<strong>share&nbsp;<\/strong>the above&nbsp;<strong>online publications&nbsp;<\/strong>through your channels.<\/p>\n\n\n\n<p>Also, we\u2019re translating all our publications to&nbsp;<strong>EU languages<\/strong>&nbsp;and &#8211; as long as our stocks last &#8211; &nbsp;are also&nbsp;<strong>able to send print copies in bulk for free<\/strong>&nbsp;to a select number of organisations that may still be able to hand these out.<\/p>\n\n\n\n<p>If you or your organisation \/ group would be interested receiving print copies could you&nbsp;<strong>please signal<\/strong>&nbsp;this by sending an&nbsp;<strong>e-mail to&nbsp;<a href=\"mailto:EU-CITIZENS-RIGHTS@eeas.europa.eu\" target=\"_blank\" rel=\"noreferrer noopener\">EU-CITIZENS-RIGHTS@eeas.europa.eu<\/a>&nbsp;by 23 October&nbsp;<\/strong>(next Friday), providing the following information:<\/p>\n\n\n\n<p>&#8211;&nbsp;&nbsp;&nbsp;&nbsp;&nbsp;&nbsp;&nbsp;&nbsp;&nbsp;&nbsp;Your name, your organisation\u2019s name, telephone number and delivery address<\/p>\n\n\n\n<p>&#8211;&nbsp;&nbsp;&nbsp;&nbsp;&nbsp;&nbsp;&nbsp;&nbsp;&nbsp;&nbsp;The type of leaflet you are interested in (currently the above 3 are available)<\/p>\n\n\n\n<p>&#8211;&nbsp;&nbsp;&nbsp;&nbsp;&nbsp;&nbsp;&nbsp;&nbsp;&nbsp;&nbsp;The EU languages in which you would like to receive these (by default we\u2019d send English copies)<\/p>\n\n\n\n<p>&#8211;&nbsp;&nbsp;&nbsp;&nbsp;&nbsp;&nbsp;&nbsp;&nbsp;&nbsp;&nbsp;The number of copies that you\u2019d want to receive (there are usually 400 copies in a box and we can only send these by the box. Each box will need to contain the same language copies \u2013 i.e. at this stage unfortunately we cannot mix languages in a single box)<\/p>\n\n\n\n<p>Thank you for any help raising awareness amongst EU citizens and their family members.<\/p>\n\n\n\n<p>With best wishes,<\/p>\n\n\n\n<p><strong>Daniel Fleischer-Ambrus<\/strong><\/p>\n\n\n\n<p><em>First Counsellor<\/em><\/p>\n\n\n\n<p><em>EU Citizens\u2019 Rights Programme Lead, Consular Correspondent<\/em><\/p>\n\n\n\n<p><strong>Delegation of the European Union to the United Kingdom<\/strong><\/p>\n","protected":false},"excerpt":{"rendered":"<p>P\u0159in\u00e1\u0161\u00edme V\u00e1m novinky t\u00fdkaj\u00edc\u00ed se Brexitu.  <a class=\"read-more-link\" href=\"http:\/\/www.velehrad.org.uk\/?p=8302\">\u010ct\u011bte v\u00edce<\/a><\/p>\n","protected":false},"author":1,"featured_media":8303,"comment_status":"closed","ping_status":"closed","sticky":false,"template":"","format":"standard","meta":{"ngg_post_thumbnail":0,"footnotes":""},"categories":[20],"tags":[],"class_list":["post-8302","post","type-post","status-publish","format-standard","has-post-thumbnail","hentry","category-novinky"],"post_mailing_queue_ids":[],"_links":{"self":[{"href":"http:\/\/www.velehrad.org.uk\/index.php?rest_route=\/wp\/v2\/posts\/8302","targetHints":{"allow":["GET"]}}],"collection":[{"href":"http:\/\/www.velehrad.org.uk\/index.php?rest_route=\/wp\/v2\/posts"}],"about":[{"href":"http:\/\/www.velehrad.org.uk\/index.php?rest_route=\/wp\/v2\/types\/post"}],"author":[{"embeddable":true,"href":"http:\/\/www.velehrad.org.uk\/index.php?rest_route=\/wp\/v2\/users\/1"}],"replies":[{"embeddable":true,"href":"http:\/\/www.velehrad.org.uk\/index.php?rest_route=%2Fwp%2Fv2%2Fcomments&post=8302"}],"version-history":[{"count":1,"href":"http:\/\/www.velehrad.org.uk\/index.php?rest_route=\/wp\/v2\/posts\/8302\/revisions"}],"predecessor-version":[{"id":8304,"href":"http:\/\/www.velehrad.org.uk\/index.php?rest_route=\/wp\/v2\/posts\/8302\/revisions\/8304"}],"wp:featuredmedia":[{"embeddable":true,"href":"http:\/\/www.velehrad.org.uk\/index.php?rest_route=\/wp\/v2\/media\/8303"}],"wp:attachment":[{"href":"http:\/\/www.velehrad.org.uk\/index.php?rest_route=%2Fwp%2Fv2%2Fmedia&parent=8302"}],"wp:term":[{"taxonomy":"category","embeddable":true,"href":"http:\/\/www.velehrad.org.uk\/index.php?rest_route=%2Fwp%2Fv2%2Fcategories&post=8302"},{"taxonomy":"post_tag","embeddable":true,"href":"http:\/\/www.velehrad.org.uk\/index.php?rest_route=%2Fwp%2Fv2%2Ftags&post=8302"}],"curies":[{"name":"wp","href":"https:\/\/api.w.org\/{rel}","templated":true}]}}