{"id":8309,"date":"2020-11-10T16:43:06","date_gmt":"2020-11-10T14:43:06","guid":{"rendered":"http:\/\/www.velehrad.org.uk\/?p=8309"},"modified":"2020-11-10T16:43:06","modified_gmt":"2020-11-10T14:43:06","slug":"online-vytvarny-workshop-piknik-s-medvedy-s-terezou-buskovou-15-11-v-15-00","status":"publish","type":"post","link":"http:\/\/www.velehrad.org.uk\/?p=8309","title":{"rendered":"Online v\u00fdtvarn\u00fd workshop PIKNIK S MEDV\u011aDY s Terezou Bu\u0161kovou 15.11. v 15.00"},"content":{"rendered":"\n<p>Pro\u017eijte prima medv\u011bd\u00ed dobrodru\u017estv\u00ed s celou rodinou z pohodl\u00ed sv\u00e9ho gau\u010de! \u010cesk\u00e9 centrum Lond\u00fdn v\u00e1s zve ke sledov\u00e1n\u00ed vesel\u00fdch p\u0159\u00edb\u011bh\u016f dvou roztomil\u00fdch a v\u011b\u010dn\u011b hladov\u00fdch medv\u011bd\u016f Nedv\u011bda a Mi\u0161ky, dvou hlavn\u00edch hrdin\u016f animovan\u00e9ho filmu Mlsn\u00e9 medv\u011bd\u00ed p\u0159\u00edb\u011bhy. Od 14. do 17. listopadu budou film moci div\u00e1ci ve Spojen\u00e9m kr\u00e1lovstv\u00ed exkluzivn\u011b shl\u00e9dnout na VOD str\u00e1nk\u00e1ch \u010cesk\u00e9ho centra.<\/p>\n\n\n\n<p>D\u011bti se mohou tak\u00e9 15. listopadu zapojit do v\u00fdtvarn\u00e9ho online workshopu \u2018Piknik s medv\u011bdy\u2019, b\u011bhem kter\u00e9ho jim v\u00fdtvarnice Tereza Bu\u0161kov\u00e1 pom\u016f\u017ee vytvo\u0159it kol\u00e1\u017e plnou l\u00e1kav\u00fdch laskomin a dobrot. \u00da\u010dastn\u00edci workshopu nav\u00edc obdr\u017e\u00ed po\u0161tou mal\u00e9 p\u0159ekvapen\u00ed od medv\u011bd\u00edch kamar\u00e1d\u016f a 50% slevu na poplatek za p\u0159ehr\u00e1n\u00ed filmu.<\/p>\n\n\n\n<p>Akce je sou\u010d\u00e1st\u00ed filmov\u00e9ho festivalu Made in Prague 2020 ON\/OFF&lt;<a href=\"http:\/\/london.czechcentres.cz\/programme\/travel-events\/made-in-prage-2020-onoff\/\" target=\"_blank\" rel=\"noreferrer noopener\">http:\/\/london.czechcentres.cz\/programme\/travel-events\/made-in-prage-2020-onoff\/<\/a>&gt;<\/p>\n","protected":false},"excerpt":{"rendered":"<p>Pozv\u00e1nka na akci \u010cesk\u00e9ho centra. <a class=\"read-more-link\" href=\"http:\/\/www.velehrad.org.uk\/?p=8309\">\u010ct\u011bte v\u00edce<\/a><\/p>\n","protected":false},"author":1,"featured_media":8310,"comment_status":"closed","ping_status":"closed","sticky":false,"template":"","format":"standard","meta":{"ngg_post_thumbnail":0,"footnotes":""},"categories":[20],"tags":[],"class_list":["post-8309","post","type-post","status-publish","format-standard","has-post-thumbnail","hentry","category-novinky"],"post_mailing_queue_ids":[],"_links":{"self":[{"href":"http:\/\/www.velehrad.org.uk\/index.php?rest_route=\/wp\/v2\/posts\/8309","targetHints":{"allow":["GET"]}}],"collection":[{"href":"http:\/\/www.velehrad.org.uk\/index.php?rest_route=\/wp\/v2\/posts"}],"about":[{"href":"http:\/\/www.velehrad.org.uk\/index.php?rest_route=\/wp\/v2\/types\/post"}],"author":[{"embeddable":true,"href":"http:\/\/www.velehrad.org.uk\/index.php?rest_route=\/wp\/v2\/users\/1"}],"replies":[{"embeddable":true,"href":"http:\/\/www.velehrad.org.uk\/index.php?rest_route=%2Fwp%2Fv2%2Fcomments&post=8309"}],"version-history":[{"count":1,"href":"http:\/\/www.velehrad.org.uk\/index.php?rest_route=\/wp\/v2\/posts\/8309\/revisions"}],"predecessor-version":[{"id":8311,"href":"http:\/\/www.velehrad.org.uk\/index.php?rest_route=\/wp\/v2\/posts\/8309\/revisions\/8311"}],"wp:featuredmedia":[{"embeddable":true,"href":"http:\/\/www.velehrad.org.uk\/index.php?rest_route=\/wp\/v2\/media\/8310"}],"wp:attachment":[{"href":"http:\/\/www.velehrad.org.uk\/index.php?rest_route=%2Fwp%2Fv2%2Fmedia&parent=8309"}],"wp:term":[{"taxonomy":"category","embeddable":true,"href":"http:\/\/www.velehrad.org.uk\/index.php?rest_route=%2Fwp%2Fv2%2Fcategories&post=8309"},{"taxonomy":"post_tag","embeddable":true,"href":"http:\/\/www.velehrad.org.uk\/index.php?rest_route=%2Fwp%2Fv2%2Ftags&post=8309"}],"curies":[{"name":"wp","href":"https:\/\/api.w.org\/{rel}","templated":true}]}}