{"id":8314,"date":"2020-11-14T14:06:01","date_gmt":"2020-11-14T12:06:01","guid":{"rendered":"http:\/\/www.velehrad.org.uk\/?p=8314"},"modified":"2020-11-14T14:06:01","modified_gmt":"2020-11-14T12:06:01","slug":"pozvanka-festival-brikcius-1-30-listopadu","status":"publish","type":"post","link":"http:\/\/www.velehrad.org.uk\/?p=8314","title":{"rendered":"POZV\u00c1NKA: Festival Brikcius 1. &#8211; 30. listopadu"},"content":{"rendered":"\n<p>Dear friends, dear colleagues,<\/p>\n\n\n\n<p>You are invited to the Festival Brikcius &#8211; the 9th chamber music concert series in Prague (1st &#8211; 30th November 2020) ONLINE:<\/p>\n\n\n\n<p><a href=\"https:\/\/www.youtube.com\/watch?v=3qBfZqu0epg\">https:\/\/www.youtube.com\/watch?v=3qBfZqu0epg<\/a><\/p>\n\n\n\n<p>&#8211; Online complete organ performance of 18 LEIPZIG CHORALES will take place on Thursday 12th November 2020 at 8 p.m., to commemorate the 335th anniversary of the birth of Johann Sebastian Bach. Don\u2019t miss cca 100 minutes of unique music set of 18 Leipziger Chorale (BWV 651-668) by Johann Sebastian Bach (1685 &#8211; 1750) performed by Czech organist and composer Irena Kosikova.<\/p>\n\n\n\n<p>Admission by donation (cca 10-15 EUR suggested) via&nbsp;<a href=\"http:\/\/festivalbrikcius.eventbrite.com\/\" target=\"_blank\" rel=\"noreferrer noopener\">http:\/\/FestivalBrikcius.eventbrite.com<\/a>&nbsp;.<\/p>\n\n\n\n<p>For more details visit&nbsp;<a href=\"https:\/\/www.brikcius.com\/Festival\" target=\"_blank\" rel=\"noreferrer noopener\">https:\/\/www.Brikcius.com\/Festival<\/a>&nbsp;.<\/p>\n\n\n\n<p>Kind regards,<\/p>\n\n\n\n<p>Frantisek Brikcius<\/p>\n\n\n\n<p>Links:<\/p>\n\n\n\n<p><a href=\"https:\/\/www.Brikcius.com\/Festival\">https:\/\/www.Brikcius.com\/Festival<\/a><\/p>\n\n\n\n<p><a href=\"https:\/\/FestivalBrikcius.eventbrite.com\">https:\/\/FestivalBrikcius.eventbrite.com<\/a><\/p>\n\n\n\n<p><a href=\"http:\/\/www.iKosik.com\">http:\/\/www.iKosik.com<\/a><\/p>\n\n\n\n<p><a href=\"https:\/\/www.FaceBook.com\/FestivalBrikcius\">https:\/\/www.FaceBook.com\/FestivalBrikcius<\/a><\/p>\n\n\n\n<figure class=\"wp-block-embed-twitter wp-block-embed is-type-rich is-provider-twitter\"><div class=\"wp-block-embed__wrapper\">\n<a class=\"twitter-timeline\" data-width=\"840\" data-height=\"1000\" data-dnt=\"true\" href=\"https:\/\/twitter.com\/Brikcius?ref_src=twsrc%5Etfw\">Tweets by Brikcius<\/a><script async src=\"https:\/\/platform.twitter.com\/widgets.js\" charset=\"utf-8\"><\/script>\n<\/div><\/figure>\n\n\n\n<p><a href=\"https:\/\/www.Youtube.com\/FrantisekBrikcius\">https:\/\/www.Youtube.com\/FrantisekBrikcius<\/a><\/p>\n\n\n\n<p><a href=\"https:\/\/Instagram.com\/Brikcius\">https:\/\/Instagram.com\/Brikcius<\/a><\/p>\n\n\n\n<p><a href=\"https:\/\/www.paypal.me\/Brikcius\">https:\/\/www.paypal.me\/Brikcius<\/a><\/p>\n","protected":false},"excerpt":{"rendered":"<p>Srde\u010dn\u011b V\u00e1s zveme na festival Brikcius, 9. ro\u010dn\u00edk cyklu koncert\u016f komorn\u00ed hudby v Praze.  <a class=\"read-more-link\" href=\"http:\/\/www.velehrad.org.uk\/?p=8314\">\u010ct\u011bte v\u00edce<\/a><\/p>\n","protected":false},"author":1,"featured_media":8315,"comment_status":"closed","ping_status":"closed","sticky":false,"template":"","format":"standard","meta":{"ngg_post_thumbnail":0,"footnotes":""},"categories":[20],"tags":[],"class_list":["post-8314","post","type-post","status-publish","format-standard","has-post-thumbnail","hentry","category-novinky"],"post_mailing_queue_ids":[],"_links":{"self":[{"href":"http:\/\/www.velehrad.org.uk\/index.php?rest_route=\/wp\/v2\/posts\/8314","targetHints":{"allow":["GET"]}}],"collection":[{"href":"http:\/\/www.velehrad.org.uk\/index.php?rest_route=\/wp\/v2\/posts"}],"about":[{"href":"http:\/\/www.velehrad.org.uk\/index.php?rest_route=\/wp\/v2\/types\/post"}],"author":[{"embeddable":true,"href":"http:\/\/www.velehrad.org.uk\/index.php?rest_route=\/wp\/v2\/users\/1"}],"replies":[{"embeddable":true,"href":"http:\/\/www.velehrad.org.uk\/index.php?rest_route=%2Fwp%2Fv2%2Fcomments&post=8314"}],"version-history":[{"count":1,"href":"http:\/\/www.velehrad.org.uk\/index.php?rest_route=\/wp\/v2\/posts\/8314\/revisions"}],"predecessor-version":[{"id":8316,"href":"http:\/\/www.velehrad.org.uk\/index.php?rest_route=\/wp\/v2\/posts\/8314\/revisions\/8316"}],"wp:featuredmedia":[{"embeddable":true,"href":"http:\/\/www.velehrad.org.uk\/index.php?rest_route=\/wp\/v2\/media\/8315"}],"wp:attachment":[{"href":"http:\/\/www.velehrad.org.uk\/index.php?rest_route=%2Fwp%2Fv2%2Fmedia&parent=8314"}],"wp:term":[{"taxonomy":"category","embeddable":true,"href":"http:\/\/www.velehrad.org.uk\/index.php?rest_route=%2Fwp%2Fv2%2Fcategories&post=8314"},{"taxonomy":"post_tag","embeddable":true,"href":"http:\/\/www.velehrad.org.uk\/index.php?rest_route=%2Fwp%2Fv2%2Ftags&post=8314"}],"curies":[{"name":"wp","href":"https:\/\/api.w.org\/{rel}","templated":true}]}}