{"id":8320,"date":"2020-11-29T19:06:35","date_gmt":"2020-11-29T17:06:35","guid":{"rendered":"http:\/\/www.velehrad.org.uk\/?p=8320"},"modified":"2020-11-29T19:06:35","modified_gmt":"2020-11-29T17:06:35","slug":"virtualni-debata-zahranicnich-cechu","status":"publish","type":"post","link":"http:\/\/www.velehrad.org.uk\/?p=8320","title":{"rendered":"Virtu\u00e1ln\u00ed debata zahrani\u010dn\u00edch \u010cech\u016f"},"content":{"rendered":"\n<p>V\u00e1\u017een\u00ed a vz\u00e1cn\u00ed krajan\u00e9,<\/p>\n\n\n\n<p>za iniciativu &#8220;Chceme volit distan\u010dn\u011b&#8221; si v\u00e1s dovolujeme pozvat na&nbsp;<strong>2. virtu\u00e1ln\u00ed debatu zahrani\u010dn\u00edch \u010cech\u016f.<\/strong>&nbsp;Tentokr\u00e1t se setk\u00e1me&nbsp;<strong>se z\u00e1stupci MZV \u010cR Martinem Smolkem, n\u00e1m\u011bstkem pro \u0159\u00edzen\u00ed sekce pr\u00e1vn\u00ed a konzul\u00e1rn\u00ed, Pavlem Pitelem, \u0159editelem konzul\u00e1rn\u00edho odboru MZV \u010cR a Ji\u0159\u00edm Kr\u00e1tk\u00fdm, zvl\u00e1\u0161tn\u00edm zmocn\u011bncem pro krajansk\u00e9 z\u00e1le\u017eitosti, MZV \u010cR.<\/strong><\/p>\n\n\n\n<p>Setk\u00e1n\u00ed se uskute\u010dn\u00ed v p\u00e1tek&nbsp;<strong>11. prosince 2020 od 16:00 hodin st\u0159edoevropsk\u00e9ho \u010dasu (CET) p\u0159es video-konferen\u010dn\u00ed platformu Zoom.<\/strong><\/p>\n\n\n\n<p>K \u00fa\u010dasti na setk\u00e1n\u00ed je op\u011bt pot\u0159eba vyplnit tento formul\u00e1\u0159.<\/p>\n\n\n\n<figure class=\"wp-block-embed\"><div class=\"wp-block-embed__wrapper\">\nhttps:\/\/docs.google.com\/&#8230;\/1FAIpQLSfCjUqqqruMnw&#8230;\/viewform\n<\/div><\/figure>\n\n\n\n<p>Odkaz na Zoom za\u0161leme v\u010das v\u0161em p\u0159ihl\u00e1\u0161en\u00fdm.<\/p>\n\n\n\n<p>Debata se zam\u011b\u0159\u00ed na ot\u00e1zky z oblasti&nbsp;<strong>soci\u00e1ln\u011b-pr\u00e1vn\u00ed slu\u017eby \u010desk\u00fdm ob\u010dan\u016fm v zahrani\u010d\u00ed<\/strong>, kter\u00e9 nebyly z \u010dasov\u00fdch d\u016fvod\u016f zodpov\u011bzeny p\u0159i 1. setk\u00e1n\u00ed s ministrem zahrani\u010dn\u00edch v\u011bc\u00ed \u010cR Tom\u00e1\u0161em Pet\u0159\u00ed\u010dkem. Pokud budete m\u00edt ot\u00e1zky nov\u00e9, kter\u00e9 se budou t\u00fdkat pr\u00e1vn\u00edch a konzul\u00e1rn\u00edch v\u011bc\u00ed, pi\u0161te je op\u011bt p\u0159\u00edmo do formul\u00e1\u0159e.<\/p>\n\n\n\n<p>Pokud jste je\u0161t\u011b nezaznamenali videoz\u00e1znam na\u0161\u00ed 1. virtu\u00e1ln\u00ed debaty, m\u00e1te mo\u017enost jej zhl\u00e9dnout zde:&nbsp;<a href=\"https:\/\/www.chceme-volit-distancne.cz\/novinky\" target=\"_blank\" rel=\"noreferrer noopener\">https:\/\/www.chceme-volit-distancne.cz\/novinky<\/a><\/p>\n\n\n\n<p>D\u011bkujeme a t\u011b\u0161\u00edme se na setk\u00e1n\u00ed s V\u00e1mi!<\/p>\n\n\n\n<p>Dagmar Strakov\u00e1, zakladatelka iniciativy&nbsp;\u201eChceme volit distan\u010dn\u011b\u201c&nbsp;&nbsp;<\/p>\n\n\n\n<p>Marta McCabe, koordin\u00e1torka krajan\u016f v USA pro iniciativu \u201eChceme volit distan\u010dn\u011b\u201c<\/p>\n\n\n\n<figure class=\"wp-block-embed\"><div class=\"wp-block-embed__wrapper\">\nhttps:\/\/www.chceme-volit-distancne.cz\n<\/div><\/figure>\n","protected":false},"excerpt":{"rendered":"<p>Iniciativa &#8220;Chceme volit distan\u010dn\u011b&#8221; si v\u00e1s dovoluje pozvat na 2. virtu\u00e1ln\u00ed debatu zahrani\u010dn\u00edch \u010cech\u016f.  <a class=\"read-more-link\" href=\"http:\/\/www.velehrad.org.uk\/?p=8320\">\u010ct\u011bte v\u00edce<\/a><\/p>\n","protected":false},"author":1,"featured_media":8321,"comment_status":"closed","ping_status":"closed","sticky":false,"template":"","format":"standard","meta":{"ngg_post_thumbnail":0,"footnotes":""},"categories":[20],"tags":[],"class_list":["post-8320","post","type-post","status-publish","format-standard","has-post-thumbnail","hentry","category-novinky"],"post_mailing_queue_ids":[],"_links":{"self":[{"href":"http:\/\/www.velehrad.org.uk\/index.php?rest_route=\/wp\/v2\/posts\/8320","targetHints":{"allow":["GET"]}}],"collection":[{"href":"http:\/\/www.velehrad.org.uk\/index.php?rest_route=\/wp\/v2\/posts"}],"about":[{"href":"http:\/\/www.velehrad.org.uk\/index.php?rest_route=\/wp\/v2\/types\/post"}],"author":[{"embeddable":true,"href":"http:\/\/www.velehrad.org.uk\/index.php?rest_route=\/wp\/v2\/users\/1"}],"replies":[{"embeddable":true,"href":"http:\/\/www.velehrad.org.uk\/index.php?rest_route=%2Fwp%2Fv2%2Fcomments&post=8320"}],"version-history":[{"count":1,"href":"http:\/\/www.velehrad.org.uk\/index.php?rest_route=\/wp\/v2\/posts\/8320\/revisions"}],"predecessor-version":[{"id":8322,"href":"http:\/\/www.velehrad.org.uk\/index.php?rest_route=\/wp\/v2\/posts\/8320\/revisions\/8322"}],"wp:featuredmedia":[{"embeddable":true,"href":"http:\/\/www.velehrad.org.uk\/index.php?rest_route=\/wp\/v2\/media\/8321"}],"wp:attachment":[{"href":"http:\/\/www.velehrad.org.uk\/index.php?rest_route=%2Fwp%2Fv2%2Fmedia&parent=8320"}],"wp:term":[{"taxonomy":"category","embeddable":true,"href":"http:\/\/www.velehrad.org.uk\/index.php?rest_route=%2Fwp%2Fv2%2Fcategories&post=8320"},{"taxonomy":"post_tag","embeddable":true,"href":"http:\/\/www.velehrad.org.uk\/index.php?rest_route=%2Fwp%2Fv2%2Ftags&post=8320"}],"curies":[{"name":"wp","href":"https:\/\/api.w.org\/{rel}","templated":true}]}}