{"id":8333,"date":"2020-12-09T15:03:23","date_gmt":"2020-12-09T13:03:23","guid":{"rendered":"http:\/\/www.velehrad.org.uk\/?p=8333"},"modified":"2020-12-09T15:03:23","modified_gmt":"2020-12-09T13:03:23","slug":"pozvanka-na-on-line-konferenci-krajanu-o-konzularnich-zalezitostech-s-martinem-smolkem","status":"publish","type":"post","link":"http:\/\/www.velehrad.org.uk\/?p=8333","title":{"rendered":"Pozv\u00e1nka na on-line konferenci krajan\u016f o konzul\u00e1rn\u00edch z\u00e1le\u017eitostech s Martinem Smolkem"},"content":{"rendered":"\n<p>V\u00e1\u017een\u00e9 kolegyn\u011b a &nbsp;kolegov\u00e9, &nbsp;<\/p>\n\n\n\n<p>r\u00e1d bych V\u00e1s touto cestou informoval o tom, \u017ee tento p\u00e1tek ve\u010der 11. prosince od 16 hodin st\u0159edoevropsk\u00e9ho \u010dasu, to je od 15 hodin britsk\u00e9ho \u010dasu, prob\u011bhne on-line konference krajan\u016f o konzul\u00e1rn\u00edch z\u00e1le\u017eitostech s n\u00e1m\u011bstkem ministra zahrani\u010d\u00ed Martinem Smolkem, \u0159editelem konzul\u00e1rn\u00edho odboru &nbsp;Pavlem Pitelem a zvl\u00e1\u0161tn\u00edm zmocn\u011bncem pro krajansk\u00e9 z\u00e1le\u017eitosti Ji\u0159\u00edm Kr\u00e1tk\u00fdm.<\/p>\n\n\n\n<p>Jedn\u00e1 se o &#8220;konzul\u00e1rn\u00ed&#8221; pokra\u010dov\u00e1n\u00ed debaty krajan\u016f s panem ministrem Pet\u0159\u00ed\u010dkem, kterou jsme otev\u0159eli 18. listopadu a hlavn\u00edm t\u00e9matem debaty jsou koresponden\u010dn\u00ed volby spole\u010dn\u011b s krajanskou iniciativou &#8220;Chceme volit koresponden\u010dn\u011b&#8221;<\/p>\n\n\n\n<p>Pokud byste nev\u011bd\u011bli, jak str\u00e1vit p\u00e1te\u010dn\u00ed ve\u010der a cht\u011bli se on-line konference z\u016f\u010dastnit, klikn\u011bte pros\u00edm na n\u00ed\u017ee uveden\u00fd odkaz:<\/p>\n\n\n\n<p><a href=\"https:\/\/www.mzv.cz\/jnp\/cz\/zahranicni_vztahy\/krajane\/aktualni_informace\/pozvanka_na_on_line_debatu_konzularni.html\">https:\/\/www.mzv.cz\/jnp\/cz\/zahranicni_vztahy\/krajane\/aktualni_informace\/pozvanka_na_on_line_debatu_konzularni.html<\/a><\/p>\n\n\n\n<p>K \u00fa\u010dasti na virtu\u00e1ln\u00edm setk\u00e1n\u00ed je (op\u011bt) pot\u0159eba vyplnit registra\u010dn\u00ed formul\u00e1\u0159 a n\u00e1sledn\u011b V\u00e1m bude zasl\u00e1n odkaz pro p\u0159ihl\u00e1\u0161en\u00ed na platformu Zoom. Sv\u016fj z\u00e1jem o \u00fa\u010dast m\u016f\u017eete vyj\u00e1d\u0159it i p\u0159es Facebook.<\/p>\n\n\n\n<p>Hezk\u00fd zbytek dne p\u0159eje<\/p>\n\n\n\n<p><strong>Martin Ho\u0161ek<\/strong><\/p>\n","protected":false},"excerpt":{"rendered":"<p>Zveme V\u00e1s na on-line konferenci krajan\u016f o konzul\u00e1rn\u00edch z\u00e1le\u017eitostech s Martinem Smolkem, kter\u00e1 prob\u011bhne  v p\u00e1tek ve\u010der 11. prosince od 16 hodin st\u0159edoevropsk\u00e9ho \u010dasu, to je od 15 hodin britsk\u00e9ho \u010dasu.  <a class=\"read-more-link\" href=\"http:\/\/www.velehrad.org.uk\/?p=8333\">\u010ct\u011bte v\u00edce<\/a><\/p>\n","protected":false},"author":1,"featured_media":8334,"comment_status":"closed","ping_status":"closed","sticky":false,"template":"","format":"standard","meta":{"ngg_post_thumbnail":0,"footnotes":""},"categories":[20],"tags":[],"class_list":["post-8333","post","type-post","status-publish","format-standard","has-post-thumbnail","hentry","category-novinky"],"post_mailing_queue_ids":[],"_links":{"self":[{"href":"http:\/\/www.velehrad.org.uk\/index.php?rest_route=\/wp\/v2\/posts\/8333","targetHints":{"allow":["GET"]}}],"collection":[{"href":"http:\/\/www.velehrad.org.uk\/index.php?rest_route=\/wp\/v2\/posts"}],"about":[{"href":"http:\/\/www.velehrad.org.uk\/index.php?rest_route=\/wp\/v2\/types\/post"}],"author":[{"embeddable":true,"href":"http:\/\/www.velehrad.org.uk\/index.php?rest_route=\/wp\/v2\/users\/1"}],"replies":[{"embeddable":true,"href":"http:\/\/www.velehrad.org.uk\/index.php?rest_route=%2Fwp%2Fv2%2Fcomments&post=8333"}],"version-history":[{"count":1,"href":"http:\/\/www.velehrad.org.uk\/index.php?rest_route=\/wp\/v2\/posts\/8333\/revisions"}],"predecessor-version":[{"id":8335,"href":"http:\/\/www.velehrad.org.uk\/index.php?rest_route=\/wp\/v2\/posts\/8333\/revisions\/8335"}],"wp:featuredmedia":[{"embeddable":true,"href":"http:\/\/www.velehrad.org.uk\/index.php?rest_route=\/wp\/v2\/media\/8334"}],"wp:attachment":[{"href":"http:\/\/www.velehrad.org.uk\/index.php?rest_route=%2Fwp%2Fv2%2Fmedia&parent=8333"}],"wp:term":[{"taxonomy":"category","embeddable":true,"href":"http:\/\/www.velehrad.org.uk\/index.php?rest_route=%2Fwp%2Fv2%2Fcategories&post=8333"},{"taxonomy":"post_tag","embeddable":true,"href":"http:\/\/www.velehrad.org.uk\/index.php?rest_route=%2Fwp%2Fv2%2Ftags&post=8333"}],"curies":[{"name":"wp","href":"https:\/\/api.w.org\/{rel}","templated":true}]}}