{"id":8346,"date":"2021-01-07T12:45:30","date_gmt":"2021-01-07T10:45:30","guid":{"rendered":"http:\/\/www.velehrad.org.uk\/?p=8346"},"modified":"2021-01-12T21:28:42","modified_gmt":"2021-01-12T19:28:42","slug":"pozvanka-mse-svata-a-ucteni-pamatky-jana-palacha-nedele-17-ledna","status":"publish","type":"post","link":"http:\/\/www.velehrad.org.uk\/?p=8346","title":{"rendered":"Pozv\u00e1nka: M\u0161e svat\u00e1, ned\u011ble 17. ledna ve 14 hodin"},"content":{"rendered":"\n<p style=\"text-align:center\"><strong><em>Spr\u00e1vn\u00ed rada lond\u00fdnsk\u00e9ho Velehradu V\u00e1s srde\u010dn\u011b zve na<\/em><\/strong><\/p>\n\n\n\n<p style=\"text-align:center\"><strong><em>M\u0160I SVATOU\u00a0<\/em><\/strong><\/p>\n\n\n\n<p style=\"text-align:center\"><strong><em>V ned\u011bli 17. ledna od 14 hodin <\/em><\/strong><\/p>\n\n\n\n<p style=\"text-align:center\"><strong><em>M\u0160E BUDE SD\u00cdLENA ON-LINE \u2013 P\u0158ES ZOOM<\/em><\/strong><\/p>\n\n\n\n<p style=\"text-align:center\"><strong><em>V ned\u011bli ve 14 hodin sledujte laskav<\/em><\/strong><strong><em>\u011b&nbsp;<\/em><\/strong><strong><em>tento odkaz:<\/em><\/strong><\/p>\n\n\n\n<p style=\"text-align:center\"><a rel=\"noreferrer noopener\" href=\"https:\/\/us02web.zoom.us\/j\/2940856534?pwd=RU1yWlc5ckZzSTZBSlhHenFicmNqUT09\" target=\"_blank\">https:\/\/us02web.zoom.us\/j\/2940856534?pwd=RU1yWlc5ckZzSTZBSlhHenFicmNqUT09<\/a><\/p>\n\n\n\n<p style=\"text-align:center\">Meeting ID: 294 085 6534<br>Passcode: 5A2Wh8<\/p>\n\n\n\n<p style=\"text-align:center\"><strong><em>PS pro technickou pomoc kontaktujte laskav\u011b pan\u00ed Martu Tomskou<\/em><\/strong><\/p>\n\n\n\n<p style=\"text-align:center\"><strong><em>na&nbsp;<\/em><\/strong><a href=\"mailto:marta.tomsky@gmail.com\" target=\"_blank\" rel=\"noreferrer noopener\"><em>marta.tomsky@gmail.com<\/em><\/a><strong><\/strong><\/p>\n\n\n\n<p style=\"text-align:center\"><strong><em>T\u011b\u0161\u00edme se na v\u00e1s<\/em><\/strong><\/p>\n","protected":false},"excerpt":{"rendered":"<p>Srde\u010dn\u011b V\u00e1s zveme na M\u0161i svatou, kter\u00e1 prob\u011bhne online v ned\u011bli 17. prosince od 14.00 hodin. Po n\u00ed bude od 15.30 n\u00e1sledovat Pietn\u00ed uct\u011bn\u00ed pam\u00e1tky Jana Palacha.  <a class=\"read-more-link\" href=\"http:\/\/www.velehrad.org.uk\/?p=8346\">\u010ct\u011bte v\u00edce<\/a><\/p>\n","protected":false},"author":1,"featured_media":7964,"comment_status":"closed","ping_status":"closed","sticky":false,"template":"","format":"standard","meta":{"ngg_post_thumbnail":0,"footnotes":""},"categories":[20],"tags":[],"class_list":["post-8346","post","type-post","status-publish","format-standard","has-post-thumbnail","hentry","category-novinky"],"post_mailing_queue_ids":[],"_links":{"self":[{"href":"http:\/\/www.velehrad.org.uk\/index.php?rest_route=\/wp\/v2\/posts\/8346","targetHints":{"allow":["GET"]}}],"collection":[{"href":"http:\/\/www.velehrad.org.uk\/index.php?rest_route=\/wp\/v2\/posts"}],"about":[{"href":"http:\/\/www.velehrad.org.uk\/index.php?rest_route=\/wp\/v2\/types\/post"}],"author":[{"embeddable":true,"href":"http:\/\/www.velehrad.org.uk\/index.php?rest_route=\/wp\/v2\/users\/1"}],"replies":[{"embeddable":true,"href":"http:\/\/www.velehrad.org.uk\/index.php?rest_route=%2Fwp%2Fv2%2Fcomments&post=8346"}],"version-history":[{"count":3,"href":"http:\/\/www.velehrad.org.uk\/index.php?rest_route=\/wp\/v2\/posts\/8346\/revisions"}],"predecessor-version":[{"id":8355,"href":"http:\/\/www.velehrad.org.uk\/index.php?rest_route=\/wp\/v2\/posts\/8346\/revisions\/8355"}],"wp:featuredmedia":[{"embeddable":true,"href":"http:\/\/www.velehrad.org.uk\/index.php?rest_route=\/wp\/v2\/media\/7964"}],"wp:attachment":[{"href":"http:\/\/www.velehrad.org.uk\/index.php?rest_route=%2Fwp%2Fv2%2Fmedia&parent=8346"}],"wp:term":[{"taxonomy":"category","embeddable":true,"href":"http:\/\/www.velehrad.org.uk\/index.php?rest_route=%2Fwp%2Fv2%2Fcategories&post=8346"},{"taxonomy":"post_tag","embeddable":true,"href":"http:\/\/www.velehrad.org.uk\/index.php?rest_route=%2Fwp%2Fv2%2Ftags&post=8346"}],"curies":[{"name":"wp","href":"https:\/\/api.w.org\/{rel}","templated":true}]}}