{"id":8370,"date":"2021-01-20T22:55:04","date_gmt":"2021-01-20T20:55:04","guid":{"rendered":"http:\/\/www.velehrad.org.uk\/?p=8370"},"modified":"2021-01-20T22:56:12","modified_gmt":"2021-01-20T20:56:12","slug":"fotografie-pietni-vzpominka-na-obet-jana-palacha","status":"publish","type":"post","link":"http:\/\/www.velehrad.org.uk\/?p=8370","title":{"rendered":"Fotografie: Pietn\u00ed vzpom\u00ednka na ob\u011b\u0165 Jana Palacha"},"content":{"rendered":"\n<p>V ned\u011bli 17. ledna prob\u011bhla na ZOOMU Pietn\u00ed vzpom\u00ednka na ob\u011b\u0165 Jana Palacha. <\/p>\n\n\n\n<p>Vzpom\u00ednku p\u0159ednesli \u010desk\u00fd historik dr. Petr Bla\u017eek a \u017eurnalista Jan J\u016fn. Besedu moderovala trustee Velehradu Karin Kub\u00e1\u010dkov\u00e1.<\/p>\n\n\n\n<figure class=\"wp-block-image\"><img loading=\"lazy\" decoding=\"async\" width=\"644\" height=\"361\" src=\"http:\/\/www.velehrad.org.uk\/wp-content\/uploads\/2021\/01\/ggroup-1-644x361.png\" alt=\"\" class=\"wp-image-8373\" srcset=\"http:\/\/www.velehrad.org.uk\/wp-content\/uploads\/2021\/01\/ggroup-1-644x361.png 644w, http:\/\/www.velehrad.org.uk\/wp-content\/uploads\/2021\/01\/ggroup-1-300x168.png 300w, http:\/\/www.velehrad.org.uk\/wp-content\/uploads\/2021\/01\/ggroup-1-768x431.png 768w\" sizes=\"auto, (max-width: 644px) 100vw, 644px\" \/><\/figure>\n","protected":false},"excerpt":{"rendered":"<p>V ned\u011bli 17. ledna prob\u011bhla na ZOOMU Pietn\u00ed vzpom\u00ednka na ob\u011b\u0165 Jana Palacha. Vzpom\u00ednku p\u0159ednesli \u010desk\u00fd historik dr. Petr Bla\u017eek a \u017eurnalista Jan J\u016fn. Besedu moderovala trustee Velehradu Karin Kub\u00e1\u010dkov\u00e1.<\/p>\n","protected":false},"author":1,"featured_media":8372,"comment_status":"closed","ping_status":"closed","sticky":false,"template":"","format":"standard","meta":{"ngg_post_thumbnail":0,"footnotes":""},"categories":[20],"tags":[],"class_list":["post-8370","post","type-post","status-publish","format-standard","has-post-thumbnail","hentry","category-novinky"],"post_mailing_queue_ids":[],"_links":{"self":[{"href":"http:\/\/www.velehrad.org.uk\/index.php?rest_route=\/wp\/v2\/posts\/8370","targetHints":{"allow":["GET"]}}],"collection":[{"href":"http:\/\/www.velehrad.org.uk\/index.php?rest_route=\/wp\/v2\/posts"}],"about":[{"href":"http:\/\/www.velehrad.org.uk\/index.php?rest_route=\/wp\/v2\/types\/post"}],"author":[{"embeddable":true,"href":"http:\/\/www.velehrad.org.uk\/index.php?rest_route=\/wp\/v2\/users\/1"}],"replies":[{"embeddable":true,"href":"http:\/\/www.velehrad.org.uk\/index.php?rest_route=%2Fwp%2Fv2%2Fcomments&post=8370"}],"version-history":[{"count":2,"href":"http:\/\/www.velehrad.org.uk\/index.php?rest_route=\/wp\/v2\/posts\/8370\/revisions"}],"predecessor-version":[{"id":8375,"href":"http:\/\/www.velehrad.org.uk\/index.php?rest_route=\/wp\/v2\/posts\/8370\/revisions\/8375"}],"wp:featuredmedia":[{"embeddable":true,"href":"http:\/\/www.velehrad.org.uk\/index.php?rest_route=\/wp\/v2\/media\/8372"}],"wp:attachment":[{"href":"http:\/\/www.velehrad.org.uk\/index.php?rest_route=%2Fwp%2Fv2%2Fmedia&parent=8370"}],"wp:term":[{"taxonomy":"category","embeddable":true,"href":"http:\/\/www.velehrad.org.uk\/index.php?rest_route=%2Fwp%2Fv2%2Fcategories&post=8370"},{"taxonomy":"post_tag","embeddable":true,"href":"http:\/\/www.velehrad.org.uk\/index.php?rest_route=%2Fwp%2Fv2%2Ftags&post=8370"}],"curies":[{"name":"wp","href":"https:\/\/api.w.org\/{rel}","templated":true}]}}