{"id":8377,"date":"2021-01-24T13:41:23","date_gmt":"2021-01-24T11:41:23","guid":{"rendered":"http:\/\/www.velehrad.org.uk\/?p=8377"},"modified":"2021-01-24T13:41:58","modified_gmt":"2021-01-24T11:41:58","slug":"porad-o-odhaleni-pamatniku-jana-palacha-od-sochare-franty-belskeho","status":"publish","type":"post","link":"http:\/\/www.velehrad.org.uk\/?p=8377","title":{"rendered":"Po\u0159ad o pam\u00e1tn\u00edku Jana Palacha v Lond\u00fdn\u011b socha\u0159e Franty B\u011blsk\u00e9ho"},"content":{"rendered":"\n<p>V Ud\u00e1lostech mohli \u010de\u0161t\u00ed div\u00e1ci poprv\u00e9 vid\u011bt fotografie od 2 pam\u011btn\u00edk\u016f, kte\u0159\u00ed v Lond\u00fdn\u011b za\u017eili odhalen\u00ed pam\u00e1tn\u00edku Jana Palacha od socha\u0159e Franty B\u011blsk\u00e9ho v r. 1978. Palach \u010desk\u00e9mu exilu nesm\u00edrn\u011b pomohl v boji proti diktatu\u0159e. Po\u0159\u00e1d je co objevovat. <\/p>\n\n\n\n<p>Video:\u00a0<a rel=\"noreferrer noopener\" href=\"https:\/\/t.co\/F3UhoSuaUx\" target=\"_blank\">ceskatelevize.cz\/ivysilani\/1097\u2026<\/a><a rel=\"noreferrer noopener\" href=\"https:\/\/t.co\/3qDsvAmjVW\" target=\"_blank\">pic.twitter.com\/3qDsvAmjVW<\/a><\/p>\n\n\n\n<p><a href=\"https:\/\/ct24.ceskatelevize.cz\/svet\/3257200-pamatnik-janu-palachovi-vznikl-i-v-londyne-na-ucastniky-jeho-odhalovani-se-zamerila-stb\">https:\/\/ct24.ceskatelevize.cz\/svet\/3257200-pamatnik-janu-palachovi-vznikl-i-v-londyne-na-ucastniky-jeho-odhalovani-se-zamerila-stb<\/a><\/p>\n","protected":false},"excerpt":{"rendered":"<p>\u010cesk\u00e1 televize odvys\u00edlala po\u0159ad o pomn\u00edku Jana Palacha v Lond\u00fdn\u011b. Shl\u00e9dnout ho m\u016f\u017eete zde.  <a class=\"read-more-link\" href=\"http:\/\/www.velehrad.org.uk\/?p=8377\">\u010ct\u011bte v\u00edce<\/a><\/p>\n","protected":false},"author":1,"featured_media":8378,"comment_status":"closed","ping_status":"closed","sticky":false,"template":"","format":"standard","meta":{"ngg_post_thumbnail":0,"footnotes":""},"categories":[20],"tags":[],"class_list":["post-8377","post","type-post","status-publish","format-standard","has-post-thumbnail","hentry","category-novinky"],"post_mailing_queue_ids":[],"_links":{"self":[{"href":"http:\/\/www.velehrad.org.uk\/index.php?rest_route=\/wp\/v2\/posts\/8377","targetHints":{"allow":["GET"]}}],"collection":[{"href":"http:\/\/www.velehrad.org.uk\/index.php?rest_route=\/wp\/v2\/posts"}],"about":[{"href":"http:\/\/www.velehrad.org.uk\/index.php?rest_route=\/wp\/v2\/types\/post"}],"author":[{"embeddable":true,"href":"http:\/\/www.velehrad.org.uk\/index.php?rest_route=\/wp\/v2\/users\/1"}],"replies":[{"embeddable":true,"href":"http:\/\/www.velehrad.org.uk\/index.php?rest_route=%2Fwp%2Fv2%2Fcomments&post=8377"}],"version-history":[{"count":3,"href":"http:\/\/www.velehrad.org.uk\/index.php?rest_route=\/wp\/v2\/posts\/8377\/revisions"}],"predecessor-version":[{"id":8381,"href":"http:\/\/www.velehrad.org.uk\/index.php?rest_route=\/wp\/v2\/posts\/8377\/revisions\/8381"}],"wp:featuredmedia":[{"embeddable":true,"href":"http:\/\/www.velehrad.org.uk\/index.php?rest_route=\/wp\/v2\/media\/8378"}],"wp:attachment":[{"href":"http:\/\/www.velehrad.org.uk\/index.php?rest_route=%2Fwp%2Fv2%2Fmedia&parent=8377"}],"wp:term":[{"taxonomy":"category","embeddable":true,"href":"http:\/\/www.velehrad.org.uk\/index.php?rest_route=%2Fwp%2Fv2%2Fcategories&post=8377"},{"taxonomy":"post_tag","embeddable":true,"href":"http:\/\/www.velehrad.org.uk\/index.php?rest_route=%2Fwp%2Fv2%2Ftags&post=8377"}],"curies":[{"name":"wp","href":"https:\/\/api.w.org\/{rel}","templated":true}]}}