{"id":8419,"date":"2021-04-24T10:53:44","date_gmt":"2021-04-24T08:53:44","guid":{"rendered":"http:\/\/www.velehrad.org.uk\/?p=8419"},"modified":"2021-04-24T10:55:05","modified_gmt":"2021-04-24T08:55:05","slug":"iniciativa-chceme-volit-distancne","status":"publish","type":"post","link":"http:\/\/www.velehrad.org.uk\/?p=8419","title":{"rendered":"Iniciativa Chceme volit distan\u010dn\u011b"},"content":{"rendered":"\n<p><strong>INFORMACE O \u010cINNOSTI INICIATIVY&nbsp;<\/strong><\/p>\n\n\n\n<p>V\u00e1\u017een\u00ed zahrani\u010dn\u00ed \u010ce\u0161i a p\u0159edstavitel\u00e9 krajansk\u00fdch spolk\u016f,&nbsp;&nbsp;<\/p>\n\n\n\n<p>R\u00e1di bychom V\u00e1s po \u010dase informovali o na\u0161\u00ed dosavadn\u00ed \u010dinnosti a p\u0159ipravovan\u00fdch aktivit\u00e1ch. Jak v\u00edte,&nbsp; iniciativa <strong><em>Chceme volit distan\u010dn\u011b <\/em><\/strong>se od roku 2019 sna\u017e\u00ed aktivn\u011b podporovat vznik koresponden\u010dn\u00ed&nbsp; volby pro \u010desk\u00e9 ob\u010dany \u017eij\u00edc\u00ed v zahrani\u010d\u00ed.&nbsp;&nbsp;<\/p>\n\n\n\n<p>\u27a2 Doposud se k iniciativ\u011b p\u0159ipojilo 64 krajansk\u00fdch spolk\u016f (zde nem\u00e1me p\u0159esn\u00fd po\u010det jednotliv\u00fdch&nbsp; krajan\u016f), p\u0159es 5000 aktivn\u00edch krajan\u016f z 35 zem\u00ed sv\u011bta, kte\u0159\u00ed podepsali petice na podporu &nbsp;koresponden\u010dn\u00edch voleb, podporuj\u00ed n\u00e1s tak\u00e9 mnoh\u00e9 \u010desk\u00e9 osobnosti \u017eij\u00edc\u00ed v zahrani\u010d\u00ed. Budeme r\u00e1di, &nbsp;pokud v\u00fdzvu k podpo\u0159e iniciativy p\u0159epo\u0161lete sv\u00fdm kontakt\u016fm s odkazem na petici na na\u0161ich &nbsp;webov\u00fdch str\u00e1nk\u00e1ch a nebo na na\u0161i FB str\u00e1nku \u010di FB skupinu. Dosavadn\u00ed aktivity iniciativy najdete na &nbsp;na\u0161em webu pod z\u00e1lo\u017ekou Novinky. Nezapome\u0148te se tak\u00e9 p\u0159idat k na\u0161\u00ed prob\u00edhaj\u00edc\u00ed kampani <em>A<\/em><em>ktivn\u011b <\/em><em>&nbsp;<\/em><em>za koresponden\u010dn\u00ed volby<\/em><em>. <\/em>C\u00edlem je spole\u010dn\u011b uj\u00edt, ub\u011bhnout nebo ujet na kole celkem 40.075 km, co\u017e je &nbsp;obvod planety Zem\u011b, a uk\u00e1zat tak na n\u00e1\u0161 z\u00e1jem o aktu\u00e1ln\u00ed d\u011bn\u00ed v \u010cR. Iniciativa ChVD nem\u00e1 \u017e\u00e1dn\u00e9 &nbsp;finan\u010dn\u00ed zdroje na PR a v\u0161echny aktivity d\u011bl\u00e1 zcela zdarma a na dobrovoln\u00e9 b\u00e1zi. &nbsp;<\/p>\n\n\n\n<p>\u27a2 V lo\u0148sk\u00e9m roce jsme n\u011bkolikr\u00e1t p\u00edsemn\u011b oslovili p\u0159edsedu vl\u00e1dy, ministra vnitra, ministra zahrani\u010d\u00ed,&nbsp; v\u0161echny poslance nap\u0159\u00ed\u010d politick\u00fdm spektrem, sen\u00e1tory a n\u00e1\u0161 posledn\u00ed dopis byl sm\u011brovan\u00fd i&nbsp; prezidentu republiky. Poka\u017ed\u00e9 jsme \u017e\u00e1dali o podporu a prosazen\u00ed koresponden\u010dn\u00edch voleb.&nbsp;&nbsp;<\/p>\n\n\n\n<p>V\u00fdsledek na\u0161eho sna\u017een\u00ed je n\u00e1sleduj\u00edc\u00ed:&nbsp;&nbsp;<\/p>\n\n\n\n<p><strong>Koresponden\u010dn\u00ed volby pro zahrani\u010dn\u00ed \u010cechy podporuj\u00ed:&nbsp;&nbsp;<\/strong><\/p>\n\n\n\n<p>\u2022 Ministr zahrani\u010dn\u00edch v\u011bc\u00ed \u010cR Tom\u00e1\u0161 Pet\u0159\u00ed\u010dek&nbsp;<\/p>\n\n\n\n<p>\u2022 Sen\u00e1to\u0159i nap\u0159\u00ed\u010d politick\u00fdm centrem v \u010dele s p\u0159edsedou Sen\u00e1tu Milo\u0161em Vystr\u010dilem, &nbsp;p\u0159edsedou St\u00e1l\u00e9 komise Sen\u00e1tu pro krajany \u017eij\u00edc\u00ed v zahrani\u010d\u00ed Tom\u00e1\u0161em Czerninem a &nbsp;p\u0159edsedou \u00dastavn\u011b-pr\u00e1vn\u00edho v\u00fdboru Tom\u00e1\u0161em Gol\u00e1n\u011bm.&nbsp;<\/p>\n\n\n\n<p>\u2022 N\u011bkte\u0159\u00ed poslanci Parlamentu \u010cR:&nbsp;<\/p>\n\n\n\n<p>o v\u011bt\u0161ina poslanc\u016f opozi\u010dn\u00ed koalice Spolu (KDU-\u010cSL, ODS, TOP 09), Pir\u00e1ti, Stan, o pouze \u010dty\u0159i jednotlivci z \u010cSSD a pouze jedin\u00fd poslanec za ANO.&nbsp;&nbsp;<\/p>\n\n\n\n<p>Tyto informace \u010derp\u00e1me z odpov\u011bd\u00ed, kter\u00e9 n\u00e1m poslali tito uveden\u00ed politi\u010dt\u00ed reprezentanti e-mailem<strong>.&nbsp;&nbsp;<\/strong><\/p>\n\n\n\n<p><strong>Koresponden\u010dn\u00ed volby pro zahrani\u010dn\u00ed \u010cechy v \u017e\u00e1dn\u00e9m p\u0159\u00edpad\u011b nepodporuj\u00ed:&nbsp;&nbsp;<\/strong><\/p>\n\n\n\n<p>\u2022 Poslanci SPD, ANO a KS\u010cM&nbsp;<\/p>\n\n\n\n<p>Tyto informace \u010derp\u00e1me z odpov\u011bd\u00ed, kter\u00e9 n\u00e1m poslali tito uveden\u00ed politi\u010dt\u00ed reprezentanti e-mailem<strong>.&nbsp;&nbsp;<\/strong><\/p>\n\n\n\n<p><strong>Nikdy jsme nedostali odpov\u011b\u010f na na\u0161e \u017e\u00e1dosti od:&nbsp;&nbsp;<\/strong><\/p>\n\n\n\n<p>\u2022 Prezidenta republiky Zemana&nbsp;<\/p>\n\n\n\n<p>\u2022 Premi\u00e9ra Babi\u0161e&nbsp;<\/p>\n\n\n\n<p>\u2022 Ministra vnitra Ham\u00e1\u010dka&nbsp;<\/p>\n\n\n\n<p>\u2022 Naprost\u00e9 v\u011bt\u0161iny poslanc\u016f ANO, SPD, KS\u010cM&nbsp;<\/p>\n\n\n\n<p>\u2022 Poslaneck\u00e9ho klubu Neza\u0159azen\u00ed<\/p>\n\n\n\n<p>\u27a2 S nap\u011bt\u00edm jsme sledovali v\u0161echna jedn\u00e1n\u00ed v Poslaneck\u00e9 sn\u011bmovn\u011b Parlamentu \u010cR t\u00fdkaj\u00edc\u00ed se nov\u00e9ho&nbsp; volebn\u00edho z\u00e1kona. I kdy\u017e se pro koresponden\u010dn\u00ed volbu ost\u0159e postavili ve st\u0159ede\u010dn\u00ed rozprav\u011b (7. 4.&nbsp; 2021) v\u00fd\u0161e zm\u00edn\u011bn\u00ed z\u00e1stupci poslaneck\u00fdch klub\u016f, volebn\u00ed z\u00e1kon byl nakonec postoupen do Sen\u00e1tu bez&nbsp; koresponden\u010dn\u00ed volby.&nbsp;&nbsp;<\/p>\n\n\n\n<p>https:\/\/zpravy.aktualne.cz\/domaci\/volby\/poslanci-schvalili-nova-pravidla-prepoctu-hlasu-u snemovnich\/r~41563ba4979511ebb0fa0cc47ab5f122\/\u00a0<\/p>\n\n\n\n<p>Nyn\u00ed z\u00e1le\u017e\u00ed na Sen\u00e1tu, jak\u00e9 stanovisko ke schv\u00e1len\u00fdm nov\u00fdm pravidl\u016fm voleb zaujme.&nbsp;&nbsp;<\/p>\n\n\n\n<p>I kdy\u017e podle Milo\u0161e Vystr\u010dila m\u00e1 zaveden\u00ed koresponden\u010dn\u00ed volby pro \u010cechy v zahrani\u010d\u00ed v Sen\u00e1tu&nbsp; &#8220;v\u011bt\u0161inovou podporu&#8221;, existuje varianta, \u017ee by sen\u00e1to\u0159i mohli poslanc\u016fm vyj\u00edt vst\u0159\u00edc a proces&nbsp; schv\u00e1len\u00ed z\u00e1kona neprotahovat a to proto, aby mohl nov\u00fd volebn\u00ed z\u00e1kon vstoupit v platnost a nebyly&nbsp; tak ohro\u017eeny podzimn\u00ed volby.&nbsp;&nbsp;<\/p>\n\n\n\n<p>https:\/\/denikn.cz\/598980\/uspeje-volebni-zakon-u-senatoru-vetsinou-chteji-korespondencni-volbu mohou-ale-privrit-oci\/&nbsp;<\/p>\n\n\n\n<p>\u27a2 Jak mnoz\u00ed v\u00edte, po st\u0159ede\u010dn\u00edm sjezdu \u010cSSD (7. 4. 2021) podal Jan Ham\u00e1\u010dek, kter\u00fd obh\u00e1jil post&nbsp; p\u0159edsedy strany soc. dem. n\u00e1vrh na odvol\u00e1n\u00ed ministra zahrani\u010dn\u00edch v\u011bc\u00ed Tom\u00e1\u0161e Pet\u0159\u00ed\u010dka.&nbsp;<\/p>\n\n\n\n<p><a href=\"https:\/\/www.denik.cz\/z_domova\/hamacek-petricek-konec.html\">https:\/\/www.denik.cz\/z_domova\/hamacek-petricek-konec.html<\/a><\/p>\n\n\n\n<p>Iniciativa ChVD proto jm\u00e9nem sv\u00fdch koordin\u00e1tor\u016f zaslala dopis panu ministrovi Pet\u0159\u00ed\u010dkovi, ve kter\u00e9m&nbsp; mu d\u011bkuje za v\u0161echny kroky, kter\u00e9 uskute\u010dnil sm\u011brem ke krajansk\u00e9 komunit\u011b.&nbsp;<\/p>\n\n\n\n<p><strong>Z\u00c1V\u011aREM:&nbsp;&nbsp;<\/strong><\/p>\n\n\n\n<p>1. V r\u00e1mci iniciativy <em>Chceme volit distan\u010dn\u011b <\/em>st\u00e1le bojujeme za prosazen\u00ed koresponden\u010dn\u00edch&nbsp; voleb. Ale velice dob\u0159e vn\u00edm\u00e1me, \u017ee <strong>je nyn\u00ed <\/strong><strong>rozhoduj\u00edc\u00ed, aby existoval kvalitn\u00ed volebn\u00ed z\u00e1kon<\/strong><strong>, abychom mohli v\u0161ichni p\u0159ij\u00edt nejpozd\u011bji na podzim 2021 k volb\u00e1m<\/strong>. I kdy\u017e n\u00e1s mrz\u00ed, \u017ee se&nbsp; zat\u00edm koresponden\u010dn\u00ed volbu prosadit nepoda\u0159ilo, a vzhledem k sou\u010dasn\u00fdm okolnostem, rozhodn\u011b nechceme, aby dal\u0161\u00edm tlakem bylo ohro\u017eeno p\u0159ijet\u00ed volebn\u00edho z\u00e1kona.&nbsp;&nbsp;<\/p>\n\n\n\n<p>2. <strong>D\u011bkujeme a velmi si v\u00e1\u017e\u00edme <\/strong>podpory v\u0161ech poslanc\u016f, kte\u0159\u00ed bojuj\u00ed za prosazen\u00ed&nbsp; koresponden\u010dn\u00ed volby v PSP \u010cR.&nbsp;&nbsp;<\/p>\n\n\n\n<p>3. <strong>V\u011b\u0159\u00edme<\/strong>, \u017ee i kdy\u017e se v Poslaneck\u00e9 sn\u011bmovn\u011b nena\u0161la v\u016fle k prosazen\u00ed z\u00e1kona nyn\u00ed, situace se nejpozd\u011bji po volb\u00e1ch zm\u011bn\u00ed a koresponden\u010dn\u00ed volba pro krajany v zahrani\u010d\u00ed bude do&nbsp; volebn\u00edho z\u00e1kona ukotvena po podzimn\u00edch volb\u00e1ch.&nbsp;&nbsp;<\/p>\n\n\n\n<p>4. <strong>Jsme pot\u011b\u0161eni a velmi si v\u00e1\u017e\u00edme st\u00e1l\u00e9 podpory Sen\u00e1tu<\/strong>, zejm\u00e9na pak p\u0159edsedy Sen\u00e1tu P\u010cR&nbsp; Milo\u0161e Vystr\u010dila a p\u0159edsedy St\u00e1l\u00e9 komise Sen\u00e1tu pro krajany \u017eij\u00edc\u00ed v zahrani\u010d\u00ed Tom\u00e1\u0161e&nbsp; Czernina.<\/p>\n\n\n\n<p>5. <strong>Nyn\u00ed pl\u00e1nujeme ud\u011blat v\u0161echno, co bude v na\u0161ich sil\u00e1ch, <\/strong>abychom p\u0159esv\u011bd\u010dili \u010desk\u00e9 ob\u010dany&nbsp; v zahrani\u010d\u00ed, \u017ee <strong>volit <\/strong>v leto\u0161n\u00edch volb\u00e1ch poslance do Poslaneck\u00e9 sn\u011bmovny <strong>bude naprosto&nbsp; kl\u00ed\u010dov\u00e9!&nbsp;<\/strong><\/p>\n\n\n\n<p>Proto ji\u017e nyn\u00ed p\u0159ipravujeme <strong>III. Virtu\u00e1ln\u00ed debatu zahrani\u010dn\u00edch \u010cech\u016f<\/strong>. Na\u0161im vz\u00e1cn\u00fdm hostem&nbsp; bude <strong>p\u0159edseda St\u00e1l\u00e9 komise Sen\u00e1tu pro krajany \u017eij\u00edc\u00ed v zahrani\u010d\u00ed Tom\u00e1\u0161 Czernin<\/strong><strong>. <\/strong>Informace&nbsp; a p\u0159ihl\u00e1\u0161ku na III. Virtu\u00e1ln\u00ed debatu zahrani\u010dn\u00edch \u010cech\u016f V\u00e1m za\u0161leme b\u011bhem n\u00e1sleduj\u00edc\u00edch dn\u016f.&nbsp;&nbsp;<\/p>\n\n\n\n<p>6. <strong>Spole\u010dn\u011b s V\u00e1mi bychom cht\u011bli oslovit co nejv\u011bt\u0161\u00ed po\u010det zahrani\u010dn\u00edch \u010cech\u016f, aby \u0161li letos&nbsp; k volb\u00e1m. Jdete do toho? Pokud ano, <\/strong>p\u0159em\u00fd\u0161lejte nad t\u00edm, jak bychom mohli te\u010f p\u0159ed&nbsp; podzimn\u00edmi volbami aktivovat krajany, kte\u0159\u00ed to maj\u00ed k volebn\u00edm urn\u00e1m na sv\u00e9 zastupitelsk\u00e9&nbsp; \u00fa\u0159ady daleko. Pokud se chcete p\u0159ipojit aktivn\u011b, <strong>napi\u0161te n\u00e1m sv\u00e9 n\u00e1vrhy<\/strong>.&nbsp;&nbsp;<\/p>\n\n\n\n<p>Tak\u00e9 budeme r\u00e1di, pokud tyto informace p\u0159epo\u0161lete sv\u00fdm kontakt\u016fm s odkazem na petici na &nbsp;na\u0161ich webov\u00fdch str\u00e1nk\u00e1ch a nebo na na\u0161i FB str\u00e1nku \u010di FB skupinu.&nbsp;<\/p>\n\n\n\n<p>S \u00factou,&nbsp;<\/p>\n\n\n\n<p>Koordina\u010dn\u00ed t\u00fdm iniciativy \u201eChceme volit distan\u010dn\u011b\u201c,&nbsp;<\/p>\n\n\n\n<p><a href=\"https:\/\/www.chceme-volit-distancne.cz\/kontakt\">https:\/\/www.chceme-volit-distancne.cz\/kontakt<\/a><\/p>\n\n\n\n<p><a href=\"https:\/\/www.chceme-volit-distancne.cz\/ti-co-uz-se-zapojili\">https:\/\/www.chceme-volit-distancne.cz\/ti-co-uz-se-zapojili<\/a><\/p>\n","protected":false},"excerpt":{"rendered":"<p>P\u0159in\u00e1\u0161\u00edme V\u00e1m informace o \u010dinnosti iniciativy Chceme volit distan\u010dn\u011b.  <a class=\"read-more-link\" href=\"http:\/\/www.velehrad.org.uk\/?p=8419\">\u010ct\u011bte v\u00edce<\/a><\/p>\n","protected":false},"author":1,"featured_media":8420,"comment_status":"closed","ping_status":"closed","sticky":false,"template":"","format":"standard","meta":{"ngg_post_thumbnail":0,"footnotes":""},"categories":[20],"tags":[],"class_list":["post-8419","post","type-post","status-publish","format-standard","has-post-thumbnail","hentry","category-novinky"],"post_mailing_queue_ids":[],"_links":{"self":[{"href":"http:\/\/www.velehrad.org.uk\/index.php?rest_route=\/wp\/v2\/posts\/8419","targetHints":{"allow":["GET"]}}],"collection":[{"href":"http:\/\/www.velehrad.org.uk\/index.php?rest_route=\/wp\/v2\/posts"}],"about":[{"href":"http:\/\/www.velehrad.org.uk\/index.php?rest_route=\/wp\/v2\/types\/post"}],"author":[{"embeddable":true,"href":"http:\/\/www.velehrad.org.uk\/index.php?rest_route=\/wp\/v2\/users\/1"}],"replies":[{"embeddable":true,"href":"http:\/\/www.velehrad.org.uk\/index.php?rest_route=%2Fwp%2Fv2%2Fcomments&post=8419"}],"version-history":[{"count":2,"href":"http:\/\/www.velehrad.org.uk\/index.php?rest_route=\/wp\/v2\/posts\/8419\/revisions"}],"predecessor-version":[{"id":8422,"href":"http:\/\/www.velehrad.org.uk\/index.php?rest_route=\/wp\/v2\/posts\/8419\/revisions\/8422"}],"wp:featuredmedia":[{"embeddable":true,"href":"http:\/\/www.velehrad.org.uk\/index.php?rest_route=\/wp\/v2\/media\/8420"}],"wp:attachment":[{"href":"http:\/\/www.velehrad.org.uk\/index.php?rest_route=%2Fwp%2Fv2%2Fmedia&parent=8419"}],"wp:term":[{"taxonomy":"category","embeddable":true,"href":"http:\/\/www.velehrad.org.uk\/index.php?rest_route=%2Fwp%2Fv2%2Fcategories&post=8419"},{"taxonomy":"post_tag","embeddable":true,"href":"http:\/\/www.velehrad.org.uk\/index.php?rest_route=%2Fwp%2Fv2%2Ftags&post=8419"}],"curies":[{"name":"wp","href":"https:\/\/api.w.org\/{rel}","templated":true}]}}