{"id":8423,"date":"2021-04-24T10:56:23","date_gmt":"2021-04-24T08:56:23","guid":{"rendered":"http:\/\/www.velehrad.org.uk\/?p=8423"},"modified":"2021-04-24T11:00:31","modified_gmt":"2021-04-24T09:00:31","slug":"dopis-krajanum-ze-senatu","status":"publish","type":"post","link":"http:\/\/www.velehrad.org.uk\/?p=8423","title":{"rendered":"Dopis krajan\u016fm ze Sen\u00e1tu"},"content":{"rendered":"\n<p>V\u00e1\u017een\u00ed krajan\u00e9, ob\u010dan\u00e9 \u010cesk\u00e9 republiky,&nbsp;<\/p>\n\n\n\n<p>v sou\u010dasn\u00e9 dob\u011b v \u010desk\u00e9m parlamentu vrchol\u00ed projedn\u00e1v\u00e1n\u00ed volebn\u00edho z\u00e1kona. Jedn\u00edm z politicky o\u017eehav\u00fdch t\u00e9mat je zaveden\u00ed koresponden\u010dn\u00ed volby pro ob\u010dany pob\u00fdvaj\u00edc\u00ed v zahrani\u010d\u00ed. Koresponden\u010dn\u00ed volba se na \u010desk\u00e9 politick\u00e9 sc\u00e9n\u011b diskutuje ji\u017e v\u00edce ne\u017e dvacet let. Dosud v\u0161ak nebyla do pr\u00e1vn\u00edho \u0159\u00e1du zakotvena. Jej\u00ed absence je velk\u00fd dluh na\u0161eho st\u00e1tu a politick\u00e9 reprezentace v\u016f\u010di ob\u010dan\u016fm \u010cR.&nbsp;&nbsp;<\/p>\n\n\n\n<p>V drtiv\u00e9 v\u011bt\u0161in\u011b zem\u00ed Evropsk\u00e9 unie, ale i mimo ni, koresponden\u010dn\u00ed volba p\u0159edstavuje zcela b\u011b\u017en\u00fd standard a servis, kter\u00fd st\u00e1tn\u00ed instituce poskytuj\u00ed ob\u010dan\u016fm pro snadn\u011bj\u0161\u00ed v\u00fdkon jejich volebn\u00edho pr\u00e1va. Nen\u00ed ze strany \u010desk\u00e9ho st\u00e1tu obhajiteln\u00e9, aby byl ob\u010dan \u010cesk\u00e9 republiky nucen cestovat za volebn\u00ed m\u00edstnost\u00ed stovky a mnohdy i tis\u00edce kilometr\u016f, jestli\u017ee existuj\u00ed zp\u016fsoby, jak mu v\u00fdkon volby usnadnit.&nbsp;&nbsp;&nbsp;<\/p>\n\n\n\n<p>Otev\u0159en\u00ed volebn\u00edho z\u00e1kona, ke kter\u00e9mu do\u0161lo na za\u010d\u00e1tku tohoto roku, je jedine\u010dnou p\u0159\u00edle\u017eitost\u00ed, jak koresponden\u010dn\u00ed zp\u016fsob hlasov\u00e1n\u00ed do volebn\u00edho z\u00e1kona zakotvit. P\u0159esto\u017ee se k tomuto kroku zav\u00e1zala samotn\u00e1 vl\u00e1da ve sv\u00e9m programov\u00e9m prohl\u00e1\u0161en\u00ed, Poslaneck\u00e1 sn\u011bmovna ji op\u011bt odm\u00edtla. Z\u00e1sadn\u00ed roli v prosazen\u00ed koresponden\u010dn\u00ed volby m\u016f\u017ee sehr\u00e1t Sen\u00e1t. P\u0159i schvalov\u00e1n\u00ed volebn\u00edch z\u00e1kon\u016f je toti\u017e Poslaneckou sn\u011bmovnou nep\u0159ehlasovateln\u00fd.<\/p>\n\n\n\n<p>S politov\u00e1n\u00edm v\u0161ak lze konstatovat, \u017ee slova podpory pro koresponden\u010dn\u00ed volbu se prom\u011bnila v pr\u00e1zdn\u00fd slib. Je paradoxem, \u017ee zna\u010dn\u00e1 \u010d\u00e1st politick\u00e9 sc\u00e9ny, je\u017e vyjad\u0159ovala&nbsp;podporu pro distan\u010dn\u00ed hlasov\u00e1n\u00ed, nen\u00ed v&nbsp;rozhoduj\u00edc\u00ed okam\u017eik ochotna pro ni hlasovat. Tato neochota je od\u016fvod\u0148ov\u00e1na pot\u0159ebou st\u00e1totvornosti, nutnost\u00ed schv\u00e1lit volebn\u00ed z\u00e1kon v co nejkrat\u0161\u00edm \u010dase vzhledem k sou\u010dasn\u00e9 nestabiln\u00ed politick\u00e9 situaci v \u010cesk\u00e9 republice. Ob\u00e1v\u00e1me se, \u017ee se jedn\u00e1 sp\u00ed\u0161e o hled\u00e1n\u00ed z\u00e1stupn\u00fdch d\u016fvod\u016f, pro\u010d n\u011bco neud\u011blat, ne\u017e skute\u010dnou v\u016fli&nbsp; se za koresponden\u010dn\u00ed volbu postavit.&nbsp;&nbsp;<\/p>\n\n\n\n<p>Na\u0161im \u00fakolem je zastupovat z\u00e1jmy ob\u010dan\u016f. Ne\u010dinn\u00e9 p\u0159ihl\u00ed\u017een\u00ed k \u00faskok\u016fm a pokrytectv\u00ed vl\u00e1dy by znamenalo souhlas s&nbsp;takov\u00fdm jedn\u00e1n\u00edm.&nbsp;&nbsp;&nbsp;<\/p>\n\n\n\n<p>V\u00e1\u017een\u00ed spoluob\u010dan\u00e9, chceme V\u00e1s proto ujistit, \u017ee koresponden\u010dn\u00ed volbu pro ob\u010dany s pobytem v zahrani\u010d\u00ed podpo\u0159\u00edme nejen slovy, ale i \u010diny. P\u0159i projedn\u00e1v\u00e1n\u00ed volebn\u00edho z\u00e1kona v Sen\u00e1tu dne 28. 4. 2021 p\u0159edlo\u017e\u00edme pozm\u011b\u0148ovac\u00ed n\u00e1vrh, jeho\u017e c\u00edlem je prosazen\u00ed koresponden\u010dn\u00ed volby do Z\u00e1kona o volb\u00e1ch do Parlamentu \u010cR.&nbsp; &nbsp;&nbsp;&nbsp;&nbsp;&nbsp;&nbsp;&nbsp;&nbsp;&nbsp;&nbsp;<\/p>\n\n\n\n<p>Dovolte, abychom V\u00e1s jako z\u00e1stupce krajansk\u00fdch spolk\u016f po\u017e\u00e1dali o p\u0159ed\u00e1n\u00ed tohoto dopisu dal\u0161\u00edm krajan\u016fm a na\u0161im spoluob\u010dan\u016fm, p\u0159\u00edpadn\u011b o V\u00e1\u0161 n\u00e1zor na n\u00e1\u0161 postup&nbsp;&nbsp;<\/p>\n\n\n\n<p>Se srde\u010dn\u00fdm&nbsp;pozdravem&nbsp;<\/p>\n\n\n\n<p>sen\u00e1to\u0159i:<\/p>\n\n\n\n<p>Marek Hil\u0161er<\/p>\n\n\n\n<p>Michael Canov<\/p>\n\n\n\n<p>Jan Horn\u00edk<\/p>\n\n\n\n<p>Pavel K\u00e1rn\u00edk<\/p>\n\n\n\n<p>Miroslav Plevn\u00fd<\/p>\n\n\n\n<p>Helena Pe\u0161atov\u00e1<\/p>\n\n\n\n<p>Marek O\u0161\u0165\u00e1dal<\/p>\n\n\n\n<p>Ji\u0159\u00ed R\u016f\u017ei\u010dka<\/p>\n","protected":false},"excerpt":{"rendered":"<p>P\u0159e\u010dt\u011bte si dopis n\u011bkolika sen\u00e1tor\u016f Parlamentu \u010cesk\u00e9 republiky, v n\u011bm\u017e vyjad\u0159uj\u00ed sv\u016fj postoj k prob\u00edhaj\u00edc\u00ed debat\u011b t\u00fdkaj\u00edc\u00ed se koresponden\u010dn\u00ed volby pro ob\u010dany \u010cesk\u00e9 republiky pob\u00fdvaj\u00edc\u00ed v zahrani\u010d\u00ed.<\/p>\n<p> <a class=\"read-more-link\" href=\"http:\/\/www.velehrad.org.uk\/?p=8423\">\u010ct\u011bte v\u00edce<\/a><\/p>\n","protected":false},"author":1,"featured_media":8428,"comment_status":"closed","ping_status":"closed","sticky":false,"template":"","format":"standard","meta":{"ngg_post_thumbnail":0,"footnotes":""},"categories":[20],"tags":[],"class_list":["post-8423","post","type-post","status-publish","format-standard","has-post-thumbnail","hentry","category-novinky"],"post_mailing_queue_ids":[],"_links":{"self":[{"href":"http:\/\/www.velehrad.org.uk\/index.php?rest_route=\/wp\/v2\/posts\/8423","targetHints":{"allow":["GET"]}}],"collection":[{"href":"http:\/\/www.velehrad.org.uk\/index.php?rest_route=\/wp\/v2\/posts"}],"about":[{"href":"http:\/\/www.velehrad.org.uk\/index.php?rest_route=\/wp\/v2\/types\/post"}],"author":[{"embeddable":true,"href":"http:\/\/www.velehrad.org.uk\/index.php?rest_route=\/wp\/v2\/users\/1"}],"replies":[{"embeddable":true,"href":"http:\/\/www.velehrad.org.uk\/index.php?rest_route=%2Fwp%2Fv2%2Fcomments&post=8423"}],"version-history":[{"count":3,"href":"http:\/\/www.velehrad.org.uk\/index.php?rest_route=\/wp\/v2\/posts\/8423\/revisions"}],"predecessor-version":[{"id":8430,"href":"http:\/\/www.velehrad.org.uk\/index.php?rest_route=\/wp\/v2\/posts\/8423\/revisions\/8430"}],"wp:featuredmedia":[{"embeddable":true,"href":"http:\/\/www.velehrad.org.uk\/index.php?rest_route=\/wp\/v2\/media\/8428"}],"wp:attachment":[{"href":"http:\/\/www.velehrad.org.uk\/index.php?rest_route=%2Fwp%2Fv2%2Fmedia&parent=8423"}],"wp:term":[{"taxonomy":"category","embeddable":true,"href":"http:\/\/www.velehrad.org.uk\/index.php?rest_route=%2Fwp%2Fv2%2Fcategories&post=8423"},{"taxonomy":"post_tag","embeddable":true,"href":"http:\/\/www.velehrad.org.uk\/index.php?rest_route=%2Fwp%2Fv2%2Ftags&post=8423"}],"curies":[{"name":"wp","href":"https:\/\/api.w.org\/{rel}","templated":true}]}}