{"id":8447,"date":"2021-05-17T21:06:04","date_gmt":"2021-05-17T19:06:04","guid":{"rendered":"http:\/\/www.velehrad.org.uk\/?p=8447"},"modified":"2021-05-17T21:06:04","modified_gmt":"2021-05-17T19:06:04","slug":"dopis-predsedy-stale-komise-senatu-cr-pro-krajany-zijici-v-zahranici","status":"publish","type":"post","link":"http:\/\/www.velehrad.org.uk\/?p=8447","title":{"rendered":"Dopis p\u0159edsedy St\u00e1l\u00e9 komise Sen\u00e1tu \u010cR pro krajany \u017eij\u00edc\u00ed v zahrani\u010d\u00ed"},"content":{"rendered":"\n<p>V\u00e1\u017een\u00ed p\u0159edstavitel\u00e9 krajansk\u00fdch spolk\u016f a \u0161kol ve Velk\u00e9 Brit\u00e1nii,<\/p>\n\n\n\n<p>dovolujeme si V\u00e1s po\u017e\u00e1dat o p\u0159ed\u00e1n\u00ed dopis\u016f v p\u0159\u00edloze t\u00e9to zpr\u00e1vy krajan\u016fm ve va\u0161em spolku. Jedn\u00e1 se o dopis p\u0159edsedy St\u00e1l\u00e9 komise Sen\u00e1tu \u010cR pana Tom\u00e1\u0161e Czernina pro v\u0161echny krajany \u017eij\u00edc\u00ed v zahrani\u010d\u00ed. Z\u00e1rove\u0148 ve druh\u00e9m dopise informujeme krajany o zm\u011bn\u011b kompetenc\u00ed v krajansk\u00e9 agend\u011b na Ministerstvu zahrani\u010dn\u00edch v\u011bc\u00ed \u010cR.<\/p>\n\n\n\n<p>D\u011bkuji V\u00e1m p\u0159edem za spolupr\u00e1ci.<\/p>\n\n\n\n<p>Srde\u010dn\u011b zdrav\u00ed<br><br><strong>Martin Ho\u0161ek<\/strong><\/p>\n\n\n\n<p>Public Diplomacy<\/p>\n\n\n\n<p>Embassy of the Czech Republic<br><\/p>\n\n\n\n<div class=\"wp-block-file\"><a href=\"http:\/\/www.velehrad.org.uk\/wp-content\/uploads\/2021\/05\/Dopis-Jan-Bondy.pdf\">Dopis-Jan-Bondy<\/a><a href=\"http:\/\/www.velehrad.org.uk\/wp-content\/uploads\/2021\/05\/Dopis-Jan-Bondy.pdf\" class=\"wp-block-file__button\" download>Download<\/a><\/div>\n\n\n\n<div class=\"wp-block-file\"><a href=\"http:\/\/www.velehrad.org.uk\/wp-content\/uploads\/2021\/05\/Dopis-Tomas-Czernin.pdf\">Dopis-Tomas-Czernin<\/a><a href=\"http:\/\/www.velehrad.org.uk\/wp-content\/uploads\/2021\/05\/Dopis-Tomas-Czernin.pdf\" class=\"wp-block-file__button\" download>Download<\/a><\/div>\n\n\n\n<p><\/p>\n","protected":false},"excerpt":{"rendered":"<p>V\u00e1\u017een\u00ed p\u0159edstavitel\u00e9 krajansk\u00fdch spolk\u016f a \u0161kol ve Velk\u00e9 Brit\u00e1nii, dovolujeme si V\u00e1s po\u017e\u00e1dat o p\u0159ed\u00e1n\u00ed dopis\u016f v p\u0159\u00edloze t\u00e9to zpr\u00e1vy krajan\u016fm ve va\u0161em spolku. Jedn\u00e1 se o dopis p\u0159edsedy St\u00e1l\u00e9 komise Sen\u00e1tu \u010cR pana Tom\u00e1\u0161e Czernina pro v\u0161echny krajany \u017eij\u00edc\u00ed v zahrani\u010d\u00ed. Z\u00e1rove\u0148 ve druh\u00e9m dopise&hellip; <a class=\"read-more-link\" href=\"http:\/\/www.velehrad.org.uk\/?p=8447\">\u010ct\u011bte v\u00edce<\/a><\/p>\n","protected":false},"author":1,"featured_media":8450,"comment_status":"closed","ping_status":"closed","sticky":false,"template":"","format":"standard","meta":{"ngg_post_thumbnail":0,"footnotes":""},"categories":[20],"tags":[],"class_list":["post-8447","post","type-post","status-publish","format-standard","has-post-thumbnail","hentry","category-novinky"],"post_mailing_queue_ids":[],"_links":{"self":[{"href":"http:\/\/www.velehrad.org.uk\/index.php?rest_route=\/wp\/v2\/posts\/8447","targetHints":{"allow":["GET"]}}],"collection":[{"href":"http:\/\/www.velehrad.org.uk\/index.php?rest_route=\/wp\/v2\/posts"}],"about":[{"href":"http:\/\/www.velehrad.org.uk\/index.php?rest_route=\/wp\/v2\/types\/post"}],"author":[{"embeddable":true,"href":"http:\/\/www.velehrad.org.uk\/index.php?rest_route=\/wp\/v2\/users\/1"}],"replies":[{"embeddable":true,"href":"http:\/\/www.velehrad.org.uk\/index.php?rest_route=%2Fwp%2Fv2%2Fcomments&post=8447"}],"version-history":[{"count":1,"href":"http:\/\/www.velehrad.org.uk\/index.php?rest_route=\/wp\/v2\/posts\/8447\/revisions"}],"predecessor-version":[{"id":8455,"href":"http:\/\/www.velehrad.org.uk\/index.php?rest_route=\/wp\/v2\/posts\/8447\/revisions\/8455"}],"wp:featuredmedia":[{"embeddable":true,"href":"http:\/\/www.velehrad.org.uk\/index.php?rest_route=\/wp\/v2\/media\/8450"}],"wp:attachment":[{"href":"http:\/\/www.velehrad.org.uk\/index.php?rest_route=%2Fwp%2Fv2%2Fmedia&parent=8447"}],"wp:term":[{"taxonomy":"category","embeddable":true,"href":"http:\/\/www.velehrad.org.uk\/index.php?rest_route=%2Fwp%2Fv2%2Fcategories&post=8447"},{"taxonomy":"post_tag","embeddable":true,"href":"http:\/\/www.velehrad.org.uk\/index.php?rest_route=%2Fwp%2Fv2%2Ftags&post=8447"}],"curies":[{"name":"wp","href":"https:\/\/api.w.org\/{rel}","templated":true}]}}