{"id":8457,"date":"2021-05-20T20:23:20","date_gmt":"2021-05-20T18:23:20","guid":{"rendered":"http:\/\/www.velehrad.org.uk\/?p=8457"},"modified":"2021-05-20T20:23:20","modified_gmt":"2021-05-20T18:23:20","slug":"zaznam-ze-3-virtualni-debaty-prakticke-info-k-volbam-a-zadost-o-zpetnou-vazbu-k-akci","status":"publish","type":"post","link":"http:\/\/www.velehrad.org.uk\/?p=8457","title":{"rendered":"Z\u00c1ZNAM ZE 3. VIRTU\u00c1LN\u00cd DEBATY, PRAKTICK\u00c9 INFO K VOLB\u00c1M A \u017d\u00c1DOST O ZP\u011aTNOU VAZBU K AKCI"},"content":{"rendered":"\n<p>V\u00e1\u017een\u00ed a mil\u00ed host\u00e9,<\/p>\n\n\n\n<p>d\u011bkujeme V\u00e1m, \u017ee jste se spolu s&nbsp;n\u00e1mi z\u00fa\u010dastnili 3. virtu\u00e1ln\u00ed debaty zahrani\u010dn\u00edch \u010cech\u016f, na kterou p\u0159ijal pozv\u00e1n\u00ed sen\u00e1tor a p\u0159edseda St\u00e1l\u00e9 komise Sen\u00e1tu pro krajany v zahrani\u010d\u00ed&nbsp;<strong>Tom\u00e1\u0161 Czernin.<\/strong><\/p>\n\n\n\n<p>Debata byla rozd\u011blena do 2 blok\u016f, aby se mohlo \u00fa\u010dastnit co nejv\u00edce krajan\u016f ve sv\u011bt\u011b.<\/p>\n\n\n\n<p>Z\u00e1znam debaty 15. 5. 2021 v 11 hod. (CET) najdete&nbsp;<a href=\"https:\/\/youtu.be\/pxLe8RuC3Sk\" target=\"_blank\" rel=\"noreferrer noopener\">ZDE<\/a><\/p>\n\n\n\n<p>Z\u00e1znam debaty 15. 5. 2021 v 19 hod. (CET) najdete&nbsp;<a href=\"https:\/\/youtu.be\/8flgFvVtPJw\" target=\"_blank\" rel=\"noreferrer noopener\">ZDE<\/a><\/p>\n\n\n\n<p><strong>P\u0158EDEM V\u00c1M D\u011aKUJEME ZA VA\u0160I&nbsp;KR\u00c1TKOU P\u00cdSEMNOU ZP\u011aTNOU VAZBU, JAK SE V\u00c1M TATO AKCE L\u00cdBILA.<\/strong><\/p>\n\n\n\n<p>Sou\u010d\u00e1st\u00ed debaty byla prezentace speci\u00e1ln\u011b vytvo\u0159en\u00e1 pro zahrani\u010dn\u00ed \u010cechy&nbsp;<strong>JAK VOLIT BEZ PROBL\u00c9M\u016e V ZAHRANI\u010c\u00cd I&nbsp;V&nbsp;\u010cESKU.&nbsp;<\/strong>Prezentaci najdete v&nbsp;p\u0159\u00edloze t\u00e9to zpr\u00e1vy a budeme r\u00e1di, kdy\u017e ji rozpo\u0161lete Va\u0161im zn\u00e1m\u00fdm, kte\u0159\u00ed se tak\u00e9 chystaj\u00ed letos k volb\u00e1m. V&nbsp;prezentaci jsou funk\u010dn\u00ed hypertexty, po rozkliknut\u00ed se V\u00e1m otev\u0159e po\u017eadovan\u00e1 webov\u00e1 str\u00e1nka, kde se dozv\u00edte dal\u0161\u00ed informace.&nbsp;<\/p>\n\n\n\n<p>V p\u0159\u00edloze najdete i&nbsp;<strong>kompletn\u00ed SEZNAM ZASTUPITELSK\u00ddCH \u00da\u0158AD\u016e VE SV\u011aT\u011a,&nbsp;<\/strong>kde je mo\u017en\u00e9 volit.<\/p>\n\n\n\n<p>3. virtu\u00e1ln\u00ed debatou spou\u0161t\u00edme kampa\u0148&nbsp;<strong><a href=\"https:\/\/www.facebook.com\/events\/1963714507110236\" target=\"_blank\" rel=\"noreferrer noopener\">ZAHRANI\u010cN\u00cd \u010cE\u0160I JEDOU VOLIT<\/a>&nbsp;<\/strong>(sta\u010d\u00ed kliknout a p\u0159idat se)<\/p>\n\n\n\n<p>Sledujte n\u00e1s tak\u00e9 na na\u0161ich&nbsp;<a href=\"https:\/\/www.chceme-volit-distancne.cz\/\" target=\"_blank\" rel=\"noreferrer noopener\">webov\u00fdch str\u00e1nk\u00e1ch&nbsp;<\/a>nebo na&nbsp;<a href=\"https:\/\/www.facebook.com\/groups\/chcemevolitdistancne\" target=\"_blank\" rel=\"noreferrer noopener\">Facebooku<\/a>. Budeme sem p\u0159id\u00e1vat informace, kter\u00e9 by V\u00e1s mohly v brzk\u00e9 dob\u011b zaj\u00edmat.<\/p>\n\n\n\n<p>A hlavn\u011b&nbsp;<\/p>\n\n\n\n<p><strong>!JD\u011aTE\/JE\u010eTE\/LE\u0164TE LETOS VOLIT NA V\u00c1\u0160 Z\u00da V&nbsp;ZAHRANI\u010c\u00cd NEBO NA O\u00da DO \u010cESKA!&nbsp;<\/strong><\/p>\n\n\n\n<p><strong>VOLBY POJM\u011aTE JAKO RODINN\u00dd V\u00ddLET A PROFITUJTE Z N\u00c1V\u0160T\u011aVY M\u011aSTA, VE KTER\u00c9M BUDETE VOLIT.&nbsp;<\/strong><\/p>\n\n\n\n<p>Srde\u010dn\u00e9 pozdravy,&nbsp;<\/p>\n\n\n\n<p>Dagmar Strakov\u00e1 (Belgie),&nbsp; Marta McCabe (USA) a Honza Kova\u0159\u00edk (\u010cesko)<\/p>\n","protected":false},"excerpt":{"rendered":"<p>V\u00e1\u017een\u00ed a mil\u00ed host\u00e9, d\u011bkujeme V\u00e1m, \u017ee jste se spolu s&nbsp;n\u00e1mi z\u00fa\u010dastnili 3. virtu\u00e1ln\u00ed debaty zahrani\u010dn\u00edch \u010cech\u016f, na kterou p\u0159ijal pozv\u00e1n\u00ed sen\u00e1tor a p\u0159edseda St\u00e1l\u00e9 komise Sen\u00e1tu pro krajany v zahrani\u010d\u00ed&nbsp;Tom\u00e1\u0161 Czernin. Debata byla rozd\u011blena do 2 blok\u016f, aby se mohlo \u00fa\u010dastnit co nejv\u00edce krajan\u016f ve&hellip; <a class=\"read-more-link\" href=\"http:\/\/www.velehrad.org.uk\/?p=8457\">\u010ct\u011bte v\u00edce<\/a><\/p>\n","protected":false},"author":1,"featured_media":8458,"comment_status":"closed","ping_status":"closed","sticky":false,"template":"","format":"standard","meta":{"ngg_post_thumbnail":0,"footnotes":""},"categories":[20],"tags":[],"class_list":["post-8457","post","type-post","status-publish","format-standard","has-post-thumbnail","hentry","category-novinky"],"post_mailing_queue_ids":[],"_links":{"self":[{"href":"http:\/\/www.velehrad.org.uk\/index.php?rest_route=\/wp\/v2\/posts\/8457","targetHints":{"allow":["GET"]}}],"collection":[{"href":"http:\/\/www.velehrad.org.uk\/index.php?rest_route=\/wp\/v2\/posts"}],"about":[{"href":"http:\/\/www.velehrad.org.uk\/index.php?rest_route=\/wp\/v2\/types\/post"}],"author":[{"embeddable":true,"href":"http:\/\/www.velehrad.org.uk\/index.php?rest_route=\/wp\/v2\/users\/1"}],"replies":[{"embeddable":true,"href":"http:\/\/www.velehrad.org.uk\/index.php?rest_route=%2Fwp%2Fv2%2Fcomments&post=8457"}],"version-history":[{"count":1,"href":"http:\/\/www.velehrad.org.uk\/index.php?rest_route=\/wp\/v2\/posts\/8457\/revisions"}],"predecessor-version":[{"id":8459,"href":"http:\/\/www.velehrad.org.uk\/index.php?rest_route=\/wp\/v2\/posts\/8457\/revisions\/8459"}],"wp:featuredmedia":[{"embeddable":true,"href":"http:\/\/www.velehrad.org.uk\/index.php?rest_route=\/wp\/v2\/media\/8458"}],"wp:attachment":[{"href":"http:\/\/www.velehrad.org.uk\/index.php?rest_route=%2Fwp%2Fv2%2Fmedia&parent=8457"}],"wp:term":[{"taxonomy":"category","embeddable":true,"href":"http:\/\/www.velehrad.org.uk\/index.php?rest_route=%2Fwp%2Fv2%2Fcategories&post=8457"},{"taxonomy":"post_tag","embeddable":true,"href":"http:\/\/www.velehrad.org.uk\/index.php?rest_route=%2Fwp%2Fv2%2Ftags&post=8457"}],"curies":[{"name":"wp","href":"https:\/\/api.w.org\/{rel}","templated":true}]}}