{"id":8460,"date":"2021-05-25T22:32:28","date_gmt":"2021-05-25T20:32:28","guid":{"rendered":"http:\/\/www.velehrad.org.uk\/?p=8460"},"modified":"2021-05-25T22:32:28","modified_gmt":"2021-05-25T20:32:28","slug":"hudebni-pozvanka-the-3rd-waltham-forest-cello-fest-2021-in-london","status":"publish","type":"post","link":"http:\/\/www.velehrad.org.uk\/?p=8460","title":{"rendered":"Hudebn\u00ed Pozv\u00e1nka: The 3rd WALTHAM FOREST CELLO FEST 2021 in London"},"content":{"rendered":"\n<p>\u010ce\u0161t\u00ed \u010delist\u00e9 budou sou\u010d\u00e1st\u00ed hudebn\u00edho festivalu Waltham Forest Cello Fest, kter\u00fd se uskute\u010dn\u00ed v \u010dervnu v Lond\u00fdn\u011b.  <\/p>\n\n\n\n<p>You are invited to the 3rd WALTHAM FOREST CELLO FEST 2021 in London. As in previous years there will be WFCF Cello Concerts, Underground Lunchtime Recitals (in the historic Victoria Line carriage), Cello Weekend, Make Music Day and Cello Academy (all ages and abilities are welcome!). Events will be held mainly online in June 2021.<\/p>\n\n\n\n<p>Book your tickets now via Eventbrite here:&nbsp;<a href=\"https:\/\/walthamforestcellofest.eventbrite.com\/\" target=\"_blank\" rel=\"noreferrer noopener\">https:\/\/WalthamForestCelloFest.eventbrite.com<\/a>&nbsp;.<\/p>\n\n\n\n<p>The WFCF 2021 features cellists and young promising cello talents from Belgium, China, the Czech Republic, France, Israel, Italy, the UK and the USA.<\/p>\n\n\n\n<p>Including cellists Anna Brikciusov\u00e1 (CZ), Franti\u0161ek Brikcius (CZ), Yiqi Chen, Mira Kardan, Stijn Kuppens, Anna Shuttleworth (1927-2021) and George Wolfe-McGuire. Together with conductor Peter Askim, percussionist Brecht Claesen, violinist and philosopher Hugh Desmond, organist and composer Irena Kos\u00edkov\u00e1 (CZ), conductor Jan Talich (CZ), Talich Chamber Orchestra (CZ), soprano Nofar Yacobi and narrator Jan \u017didlick\u00fd (CZ).<\/p>\n\n\n\n<p>WCFC begins with a CELLO WEEKEND (Saturday 5th &#8211; Sunday 6th June): INDIVIDUAL MASTER CLASSES, two CELLO WEBINARS, CELLO RECITAL &#8211; INNER CELLO, interactive online INTERPRETATION MASTERCLASS, three CELLO LAUREATES, introduction to THE CELLO MUSEUM &#8211; INNOVATIONS IN CELLO-MAKING MATERIALS, REMEMBERING ANNA SHUTTLEWORTH and music documentary film MAKANNA.<\/p>\n\n\n\n<p>Other events will include virtual poetry reading SAVE THE QUEEN (Saturday 12th June), CELLO RECITALS (Sunday 13th and Sunday 20th June), MUSICAL SOLIDARITY PROJECT (Saturday 19th June), MAKE MUSIC DAY (Monday 21st June) and ORGAN RECITAL (Saturday 26th June).<\/p>\n\n\n\n<p>WFCF is following in the tradition of previous UNDERGROUND LUNCHTIME RECITALS (Sunday 27th June) in the Walthamstow Pumphouse Museum&#8217;s historic Victoria Line Carriage.<\/p>\n\n\n\n<p>For the second time Waltham Forest Cello Fest will hold a CELLO ACADEMY (26th July &#8211; 1st August) of online summer cello master classes.<\/p>\n\n\n\n<p>Most online events are followed by a Q&amp;A. Please put your questions in the comments or an email.<\/p>\n\n\n\n<p>WALTHAM FOREST CELLO FEST was created in 2019 as a cello celebration of the communities in Waltham Forest the first ever Mayor\u2019s London Borough of Culture. The WFCF is supported by Make It Happen &#8211; London Borough of Waltham Forest.<\/p>\n\n\n\n<p>For the latest news follow WFCF on Twitter (@WFCelloFest), Facebook and Instagram (@WalthamForestCelloFest) and visit&nbsp;<a href=\"https:\/\/www.brikcius.com\/WalthamForestCelloFest\" target=\"_blank\" rel=\"noreferrer noopener\">https:\/\/www.Brikcius.com\/WalthamForestCelloFest<\/a>&nbsp;.<\/p>\n\n\n\n<p><img decoding=\"async\" alt=\"&#x1f332;\" src=\"https:\/\/mail.google.com\/mail\/e\/1f332\">&nbsp;The 3rd&nbsp;&nbsp;WALTHAM FOREST CELLO in London 2021&nbsp;<img decoding=\"async\" alt=\"&#x1f3bb;\" src=\"https:\/\/mail.google.com\/mail\/e\/1f3bb\"><\/p>\n\n\n\n<p>&#8220;London Borough of Culture meets Classical Music&#8221;<\/p>\n\n\n\n<p><\/p>\n\n\n\n<figure class=\"wp-block-image size-large\"><a href=\"http:\/\/www.velehrad.org.uk\/wp-content\/uploads\/2021\/05\/WalthamForestCelloFest.2021.Poster.png\"><img loading=\"lazy\" decoding=\"async\" width=\"644\" height=\"907\" src=\"http:\/\/www.velehrad.org.uk\/wp-content\/uploads\/2021\/05\/WalthamForestCelloFest.2021.Poster-644x907.png\" alt=\"\" class=\"wp-image-8462\" srcset=\"http:\/\/www.velehrad.org.uk\/wp-content\/uploads\/2021\/05\/WalthamForestCelloFest.2021.Poster-644x907.png 644w, http:\/\/www.velehrad.org.uk\/wp-content\/uploads\/2021\/05\/WalthamForestCelloFest.2021.Poster-213x300.png 213w, http:\/\/www.velehrad.org.uk\/wp-content\/uploads\/2021\/05\/WalthamForestCelloFest.2021.Poster-768x1081.png 768w, http:\/\/www.velehrad.org.uk\/wp-content\/uploads\/2021\/05\/WalthamForestCelloFest.2021.Poster.png 1000w\" sizes=\"auto, (max-width: 644px) 100vw, 644px\" \/><\/a><\/figure>\n","protected":false},"excerpt":{"rendered":"<p>\u010ce\u0161t\u00ed \u010delist\u00e9 budou sou\u010d\u00e1st\u00ed hudebn\u00edho festivalu Waltham Forest Cello Fest, kter\u00fd se uskute\u010dn\u00ed v \u010dervnu v Lond\u00fdn\u011b. You are invited to the 3rd WALTHAM FOREST CELLO FEST 2021 in London. As in previous years there will be WFCF Cello Concerts, Underground Lunchtime Recitals (in the historic&hellip; <a class=\"read-more-link\" href=\"http:\/\/www.velehrad.org.uk\/?p=8460\">\u010ct\u011bte v\u00edce<\/a><\/p>\n","protected":false},"author":1,"featured_media":8461,"comment_status":"closed","ping_status":"closed","sticky":false,"template":"","format":"standard","meta":{"ngg_post_thumbnail":0,"footnotes":""},"categories":[20],"tags":[],"class_list":["post-8460","post","type-post","status-publish","format-standard","has-post-thumbnail","hentry","category-novinky"],"post_mailing_queue_ids":[],"_links":{"self":[{"href":"http:\/\/www.velehrad.org.uk\/index.php?rest_route=\/wp\/v2\/posts\/8460","targetHints":{"allow":["GET"]}}],"collection":[{"href":"http:\/\/www.velehrad.org.uk\/index.php?rest_route=\/wp\/v2\/posts"}],"about":[{"href":"http:\/\/www.velehrad.org.uk\/index.php?rest_route=\/wp\/v2\/types\/post"}],"author":[{"embeddable":true,"href":"http:\/\/www.velehrad.org.uk\/index.php?rest_route=\/wp\/v2\/users\/1"}],"replies":[{"embeddable":true,"href":"http:\/\/www.velehrad.org.uk\/index.php?rest_route=%2Fwp%2Fv2%2Fcomments&post=8460"}],"version-history":[{"count":1,"href":"http:\/\/www.velehrad.org.uk\/index.php?rest_route=\/wp\/v2\/posts\/8460\/revisions"}],"predecessor-version":[{"id":8463,"href":"http:\/\/www.velehrad.org.uk\/index.php?rest_route=\/wp\/v2\/posts\/8460\/revisions\/8463"}],"wp:featuredmedia":[{"embeddable":true,"href":"http:\/\/www.velehrad.org.uk\/index.php?rest_route=\/wp\/v2\/media\/8461"}],"wp:attachment":[{"href":"http:\/\/www.velehrad.org.uk\/index.php?rest_route=%2Fwp%2Fv2%2Fmedia&parent=8460"}],"wp:term":[{"taxonomy":"category","embeddable":true,"href":"http:\/\/www.velehrad.org.uk\/index.php?rest_route=%2Fwp%2Fv2%2Fcategories&post=8460"},{"taxonomy":"post_tag","embeddable":true,"href":"http:\/\/www.velehrad.org.uk\/index.php?rest_route=%2Fwp%2Fv2%2Ftags&post=8460"}],"curies":[{"name":"wp","href":"https:\/\/api.w.org\/{rel}","templated":true}]}}