{"id":8468,"date":"2021-06-14T21:06:16","date_gmt":"2021-06-14T19:06:16","guid":{"rendered":"http:\/\/www.velehrad.org.uk\/?p=8468"},"modified":"2021-06-14T21:06:16","modified_gmt":"2021-06-14T19:06:16","slug":"volby-do-poslanecke-snemovny-parlamentu-ceske-republiky","status":"publish","type":"post","link":"http:\/\/www.velehrad.org.uk\/?p=8468","title":{"rendered":"Volby do Poslaneck\u00e9 sn\u011bmovny Parlamentu \u010cesk\u00e9 Republiky"},"content":{"rendered":"\n<p>V\u00e1\u017een\u00ed krajan\u00e9,<\/p>\n\n\n\n<p>dovolujeme si V\u00e1s informovat, \u017ee&nbsp;<strong>Volby do Poslaneck\u00e9 sn\u011bmovny Parlamentu \u010cesk\u00e9 Republiky<\/strong>&nbsp;se budou konat&nbsp;<strong>v p\u00e1tek 8. \u0159\u00edjna a &nbsp;v sobotu 9. \u0159\u00edjna 2021<\/strong>. P\u0159i volb\u00e1ch do Poslaneck\u00e9 sn\u011bmovny lze ve Spojen\u00e9m kr\u00e1lovstv\u00ed hlasovat<strong>&nbsp;pouze na Velvyslanectv\u00ed \u010cR v Lond\u00fdn\u011b a na Gener\u00e1ln\u00edm konzul\u00e1tu v Manchesteru.<\/strong><\/p>\n\n\n\n<p>V t\u011bchto volb\u00e1ch m\u016f\u017ee na uveden\u00fdch zastupitelsk\u00fdch \u00fa\u0159adech hlasovat&nbsp;<strong>voli\u010d zapsan\u00fd do zvl\u00e1\u0161tn\u00edho volebn\u00edho seznamu veden\u00e9ho p\u0159\u00edslu\u0161n\u00fdm zastupitelsk\u00fdm \u00fa\u0159adem<\/strong>, nebo voli\u010d, kter\u00e9mu p\u0159\u00edslu\u0161n\u00fd obecn\u00ed \u00fa\u0159ad pro dan\u00e9 volby vydal voli\u010dsk\u00fd pr\u016fkaz.&nbsp;<strong>Nejpozd\u011bji do ned\u011ble 29. srpna 2021<\/strong>&nbsp;lze podat \u017e\u00e1dost o z\u00e1pis do zvl\u00e1\u0161tn\u00edho seznamu voli\u010d\u016f veden\u00e9ho zastupitelsk\u00fdm \u00fa\u0159adem. Seznam je st\u00e1l\u00fd, nevytv\u00e1\u0159\u00ed se k jednotliv\u00fdm volb\u00e1m, tj. pokud voli\u010d s\u00e1m nepo\u017e\u00e1dal o vy\u0161krtnut\u00ed, &nbsp;jeho z\u00e1pis nen\u00ed zru\u0161en.<\/p>\n\n\n\n<p>\u010cesk\u00e1 pr\u00e1vn\u00ed \u00faprava neumo\u017e\u0148uje koresponden\u010dn\u00ed volbu, volbu elektronick\u00fdmi prost\u0159edky ani hlasov\u00e1n\u00ed v zastoupen\u00ed. Mimo \u00fazem\u00ed \u010cesk\u00e9 republiky &nbsp;nelze hlasovat do p\u0159enosn\u00e9 volebn\u00ed schr\u00e1nky. Voli\u010d, kter\u00fd hlasuje ve zvl\u00e1\u0161tn\u00edm volebn\u00edm okrsku, obdr\u017e\u00ed hlasovac\u00ed l\u00edstky ve volebn\u00ed m\u00edstnosti.<\/p>\n\n\n\n<p>Dal\u0161\u00ed informace o volb\u00e1ch do Poslaneck\u00e9 sn\u011bmovny naleznete na str\u00e1nk\u00e1ch Ministerstva vnitra &nbsp;<a href=\"https:\/\/www.mvcr.cz\/volby.aspx\" target=\"_blank\" rel=\"noreferrer noopener\">https:\/\/www.mvcr.cz\/volby.aspx<\/a>&nbsp;&nbsp;nebo na webov\u00e9 str\u00e1nce Z\u00da Lond\u00fdn&nbsp;<a href=\"https:\/\/www.mzv.cz\/london\/cz\/konzularni_a_vizove_informace\/Volby\/volby_do_poslanecke_snemovny_parlamentu.html\" target=\"_blank\" rel=\"noreferrer noopener\">https:\/\/www.mzv.cz\/london\/cz\/konzularni_a_vizove_informace\/Volby\/volby_do_poslanecke_snemovny_parlamentu.html<\/a>.<\/p>\n\n\n\n<p>S pozdravem<\/p>\n\n\n\n<p><strong>Martin Ho\u0161ek<\/strong><\/p>\n","protected":false},"excerpt":{"rendered":"<p>V\u00e1\u017een\u00ed krajan\u00e9,<\/p>\n<p>dovolujeme si V\u00e1s informovat, \u017ee Volby do Poslaneck\u00e9 sn\u011bmovny Parlamentu \u010cesk\u00e9 Republiky se budou konat v p\u00e1tek 8. \u0159\u00edjna a  v sobotu 9. \u0159\u00edjna 2021. P\u0159i volb\u00e1ch do Poslaneck\u00e9 sn\u011bmovny lze ve Spojen\u00e9m kr\u00e1lovstv\u00ed hlasovat pouze na Velvyslanectv\u00ed \u010cR v Lond\u00fdn\u011b a na Gener\u00e1ln\u00edm konzul\u00e1tu v Manchesteru.<br \/>\n <a class=\"read-more-link\" href=\"http:\/\/www.velehrad.org.uk\/?p=8468\">\u010ct\u011bte v\u00edce<\/a><\/p>\n","protected":false},"author":1,"featured_media":8469,"comment_status":"closed","ping_status":"closed","sticky":false,"template":"","format":"standard","meta":{"ngg_post_thumbnail":0,"footnotes":""},"categories":[20],"tags":[],"class_list":["post-8468","post","type-post","status-publish","format-standard","has-post-thumbnail","hentry","category-novinky"],"post_mailing_queue_ids":[],"_links":{"self":[{"href":"http:\/\/www.velehrad.org.uk\/index.php?rest_route=\/wp\/v2\/posts\/8468","targetHints":{"allow":["GET"]}}],"collection":[{"href":"http:\/\/www.velehrad.org.uk\/index.php?rest_route=\/wp\/v2\/posts"}],"about":[{"href":"http:\/\/www.velehrad.org.uk\/index.php?rest_route=\/wp\/v2\/types\/post"}],"author":[{"embeddable":true,"href":"http:\/\/www.velehrad.org.uk\/index.php?rest_route=\/wp\/v2\/users\/1"}],"replies":[{"embeddable":true,"href":"http:\/\/www.velehrad.org.uk\/index.php?rest_route=%2Fwp%2Fv2%2Fcomments&post=8468"}],"version-history":[{"count":1,"href":"http:\/\/www.velehrad.org.uk\/index.php?rest_route=\/wp\/v2\/posts\/8468\/revisions"}],"predecessor-version":[{"id":8470,"href":"http:\/\/www.velehrad.org.uk\/index.php?rest_route=\/wp\/v2\/posts\/8468\/revisions\/8470"}],"wp:featuredmedia":[{"embeddable":true,"href":"http:\/\/www.velehrad.org.uk\/index.php?rest_route=\/wp\/v2\/media\/8469"}],"wp:attachment":[{"href":"http:\/\/www.velehrad.org.uk\/index.php?rest_route=%2Fwp%2Fv2%2Fmedia&parent=8468"}],"wp:term":[{"taxonomy":"category","embeddable":true,"href":"http:\/\/www.velehrad.org.uk\/index.php?rest_route=%2Fwp%2Fv2%2Fcategories&post=8468"},{"taxonomy":"post_tag","embeddable":true,"href":"http:\/\/www.velehrad.org.uk\/index.php?rest_route=%2Fwp%2Fv2%2Ftags&post=8468"}],"curies":[{"name":"wp","href":"https:\/\/api.w.org\/{rel}","templated":true}]}}