{"id":8483,"date":"2021-09-23T20:46:39","date_gmt":"2021-09-23T18:46:39","guid":{"rendered":"http:\/\/www.velehrad.org.uk\/?p=8483"},"modified":"2021-09-23T20:46:39","modified_gmt":"2021-09-23T18:46:39","slug":"nadace-emy-destinove-na-velehrade-singing-in-czech","status":"publish","type":"post","link":"http:\/\/www.velehrad.org.uk\/?p=8483","title":{"rendered":"Nadace Emy Destinov\u00e9 na Velehrad\u011b: Singing in Czech"},"content":{"rendered":"\n<p>Po dlouh\u00e9 dob\u011b, hudba op\u011bt zazn\u011bla na Velehrad\u011b v Lond\u00fdn\u011b. 30. \u010dervna 2021, Emmy Destinn Foundation (Nadace Emy Destinnov\u00e9) uspo\u0159\u00e1dala Singing in Czech workshop, s malou hrstkou p\u011bvc\u016f. Byla to radost op\u011bt sly\u0161et \u017eivou hudbu a zp\u011bv a jsme velice vd\u011b\u010dni Ludmile Stane a Velehradu za mo\u017enost konat workshop v jejich skv\u011ble akustick\u00e9 Czerninov\u011b hale.<\/p>\n\n\n\n<p><br>Byl to n\u00e1\u0161 ji\u017e \u010dtvrt\u00fd workshop, ale s ohledem na sou\u010dasn\u00e1 omezen\u00ed, t\u00fdkaj\u00edc\u00ed se Covidu 19, mohli jsme vybrat pouze \u010dty\u0159i p\u011bvce a pianistku. Obvykle m\u00e1me m\u00edst pro osm p\u011bvc\u016f. V\u0161ichni jsme byli dostate\u010dn\u011b distancov\u00e1ni od sebe a m\u00edstnost byla dob\u0159e v\u011btran\u00e1.<\/p>\n\n\n\n<p><br>Na\u0161e workshopy poskytuj\u00ed p\u011bvc\u016fm v\u0161ech typ\u016f hlas\u016f, mo\u017enost pracovat na jejich znalosti \u010desk\u00e9ho jazyka a tak\u00e9 na interpretaci \u010desk\u00e9ho reperto\u00e1ru. Soust\u0159e\u010fujeme se na v\u00fdslovnost, p\u011bveckou interpretaci, dech a p\u0159\u00edpravu reperto\u00e1ru na konkurzy. Pracujeme ve skupin\u011b i s\u00f3lov\u011b. Yvette Bonner ARAM, kter\u00e1 vyhr\u00e1la na\u0161i prvn\u00ed sout\u011b\u017e v roce 2000, je nejen vynikaj\u00edc\u00ed p\u011bvkyn\u011b, ale tak\u00e9 zku\u0161en\u00e1 lektorka zp\u011bvu, kter\u00e1 vyu\u010duje na Royal Academy of Music.<br>V prvn\u00ed polovin\u011b dne, jsme se s Karlem Janovick\u00fdm soust\u0159edili na \u010deskou abecedu a fonetiku a pozd\u011bji nau\u010dili p\u011bvkyn\u011b dv\u011b kr\u00e1tk\u00e9 p\u00edsn\u011b z Jan\u00e1\u010dkov\u00fdch \u0158\u00edkadel, kter\u00e9 zp\u00edvaly spole\u010dn\u011b. Odpoledne pak Yvette pracovala jednotliv\u011b s \u00fa\u010dastnicemi na jejich reperto\u00e1ru.<br><\/p>\n\n\n\n<p>\u010ctve\u0159ice nadan\u00fdch sopranistek, Caroline Blair, Catherine Hooper, Arabella Lewis and Marrianne Town Smith si vybraly pestr\u00fd reperto\u00e1r. P\u00edsn\u011b z Dvo\u0159\u00e1kov\u00fdch Cyp\u0159i\u0161\u016f, Milostn\u00fdch P\u00edsn\u00ed a Cik\u00e1nsk\u00fdch Melodi\u00ed, \u00e1rie z\u00a0Li\u0161ky Bystrou\u0161ky, Rusalky, Prodan\u00e9 Nev\u011bsty a Jej\u00ed Pastorkyn\u011b byly citliv\u011b doprov\u00e1zeny Rayou Kostovou, kter\u00e1 z\u00edskala Accompanist\u2019s Prize (podpo\u0159enou Lady Grenfell-Baines), na\u0161\u00ed p\u011bveck\u00e9 sout\u011b\u017ee v\u00a0roce 2019.<br><\/p>\n\n\n\n<p>Byl to n\u00e1dhern\u00fd, povzn\u00e1\u0161ej\u00edc\u00ed den pracovat s\u00a0tak nadan\u00fdmi p\u011bvci a t\u011b\u0161\u00edme se na dal\u0161\u00ed. P\u0159\u00ed\u0161t\u00ed akce Nadace bude 12. ro\u010dn\u00edk sout\u011b\u017ee Emmy Destinn Young Singers Awards, s koncertem Fin\u00e1le 26. listopadu 2021, na Velehrad\u011b.<\/p>\n\n\n\n<p><\/p>\n\n\n\n<p><br>Jarmila Karas<br>Emmy Destinn Foundation<br>www.destinn.com<br>Facebook Emmy Destinn Foundation<\/p>\n","protected":false},"excerpt":{"rendered":"<p>Po dlouh\u00e9 dob\u011b, hudba op\u011bt zazn\u011bla na Velehrad\u011b v Lond\u00fdn\u011b. 30. \u010dervna 2021, Emmy Destinn Foundation (Nadace Emy Destinnov\u00e9) uspo\u0159\u00e1dala Singing in Czech workshop, s malou hrstkou p\u011bvc\u016f. Byla to radost op\u011bt sly\u0161et \u017eivou hudbu a zp\u011bv a jsme velice vd\u011b\u010dni Ludmile Stane a Velehradu za&hellip; <a class=\"read-more-link\" href=\"http:\/\/www.velehrad.org.uk\/?p=8483\">\u010ct\u011bte v\u00edce<\/a><\/p>\n","protected":false},"author":1,"featured_media":8484,"comment_status":"closed","ping_status":"closed","sticky":false,"template":"","format":"standard","meta":{"ngg_post_thumbnail":0,"footnotes":""},"categories":[20],"tags":[],"class_list":["post-8483","post","type-post","status-publish","format-standard","has-post-thumbnail","hentry","category-novinky"],"post_mailing_queue_ids":[],"_links":{"self":[{"href":"http:\/\/www.velehrad.org.uk\/index.php?rest_route=\/wp\/v2\/posts\/8483","targetHints":{"allow":["GET"]}}],"collection":[{"href":"http:\/\/www.velehrad.org.uk\/index.php?rest_route=\/wp\/v2\/posts"}],"about":[{"href":"http:\/\/www.velehrad.org.uk\/index.php?rest_route=\/wp\/v2\/types\/post"}],"author":[{"embeddable":true,"href":"http:\/\/www.velehrad.org.uk\/index.php?rest_route=\/wp\/v2\/users\/1"}],"replies":[{"embeddable":true,"href":"http:\/\/www.velehrad.org.uk\/index.php?rest_route=%2Fwp%2Fv2%2Fcomments&post=8483"}],"version-history":[{"count":1,"href":"http:\/\/www.velehrad.org.uk\/index.php?rest_route=\/wp\/v2\/posts\/8483\/revisions"}],"predecessor-version":[{"id":8485,"href":"http:\/\/www.velehrad.org.uk\/index.php?rest_route=\/wp\/v2\/posts\/8483\/revisions\/8485"}],"wp:featuredmedia":[{"embeddable":true,"href":"http:\/\/www.velehrad.org.uk\/index.php?rest_route=\/wp\/v2\/media\/8484"}],"wp:attachment":[{"href":"http:\/\/www.velehrad.org.uk\/index.php?rest_route=%2Fwp%2Fv2%2Fmedia&parent=8483"}],"wp:term":[{"taxonomy":"category","embeddable":true,"href":"http:\/\/www.velehrad.org.uk\/index.php?rest_route=%2Fwp%2Fv2%2Fcategories&post=8483"},{"taxonomy":"post_tag","embeddable":true,"href":"http:\/\/www.velehrad.org.uk\/index.php?rest_route=%2Fwp%2Fv2%2Ftags&post=8483"}],"curies":[{"name":"wp","href":"https:\/\/api.w.org\/{rel}","templated":true}]}}