{"id":8494,"date":"2021-10-05T21:10:38","date_gmt":"2021-10-05T19:10:38","guid":{"rendered":"http:\/\/www.velehrad.org.uk\/?p=8494"},"modified":"2021-10-05T21:10:38","modified_gmt":"2021-10-05T19:10:38","slug":"dopis-krajanum-ze-senatu-2","status":"publish","type":"post","link":"http:\/\/www.velehrad.org.uk\/?p=8494","title":{"rendered":"Dopis krajan\u016fm ze Sen\u00e1tu"},"content":{"rendered":"\n<p>V\u00e1\u017een\u00ed krajan\u00e9, ob\u010dan\u00e9 \u010cesk\u00e9 republiky,&nbsp;<\/p>\n\n\n\n<p>v dubnu tohoto roku jsme se na V\u00e1s jako skupina sen\u00e1tor\u016f obr\u00e1tili s informac\u00ed t\u00fdkaj\u00edc\u00ed se projedn\u00e1v\u00e1n\u00ed problematiky zaveden\u00ed koresponden\u010dn\u00edho hlasov\u00e1n\u00ed. V r\u00e1mci novelizace z\u00e1kona pro volby do&nbsp; Parlamentu \u010cesk\u00e9 republiky jsme usilovali o prosazen\u00ed pozm\u011b\u0148ovac\u00edho n\u00e1vrhu, kter\u00fd zav\u00e1d\u011bl koresponden\u010dn\u00ed hlasov\u00e1n\u00ed ji\u017e pro nadch\u00e1zej\u00edc\u00ed sn\u011bmovn\u00ed volby v \u0159\u00edjnu 2021. Rozprava k z\u00e1konu v Sen\u00e1tu&nbsp; trvala t\u00e9m\u011b\u0159 \u0161est hodin. Jej\u00ed celkov\u00fd obsah je dostupn\u00fd na&nbsp;&nbsp;<a href=\"https:\/\/senat.cz\/xqw\/xervlet\/pssenat\/hlasovani?action=steno&amp;O=13&amp;IS=6707&amp;D=29.04.2021#b22007\" target=\"_blank\" rel=\"noreferrer noopener\">webov\u00fdch str\u00e1nk\u00e1ch Sen\u00e1tu<\/a>. P\u0159esto\u017ee se nepoda\u0159ilo pozm\u011b\u0148ovac\u00ed n\u00e1vrh prosadit, intenzivn\u00ed debata toto t\u00e9ma alespo\u0148 op\u011bt s nal\u00e9havost\u00ed otev\u0159ela. D\u016fle\u017eitou ot\u00e1zkou&nbsp; nyn\u00ed je, jak budeme postupovat v prosazov\u00e1n\u00ed koresponden\u010dn\u00ed volby do budoucna.&nbsp;&nbsp;<\/p>\n\n\n\n<p>Nelze zast\u00edrat, \u017ee brzk\u00e9 schv\u00e1len\u00ed koresponden\u010dn\u00edho hlasov\u00e1n\u00ed pro ob\u010dany \u017eij\u00edc\u00ed v zahrani\u010d\u00ed se neobejde bez dvou z\u00e1kladn\u00edch p\u0159edpoklad\u016f.&nbsp;<\/p>\n\n\n\n<p>Prvn\u00edm p\u0159edpokladem je sn\u011bmovn\u00ed v\u011bt\u0161ina slo\u017een\u00e1 z poslanc\u016f demokratick\u00fdch koalic (STAN a Pir\u00e1ti a koalice SPOLU). Vl\u00e1da v \u010dele s hnut\u00edm ANO podporovan\u00e1 komunisty ji\u017e uk\u00e1zala, \u017ee koresponden\u010dn\u00ed hlasov\u00e1n\u00ed nepodporuje,&nbsp; i kdy\u017e bylo obsahem jej\u00edho programov\u00e9ho prohl\u00e1\u0161en\u00ed.&nbsp;&nbsp;<\/p>\n\n\n\n<p>Druh\u00fdm p\u0159edpokladem je rychl\u00e9 p\u0159edlo\u017een\u00ed sen\u00e1tn\u00edho n\u00e1vrhu koresponden\u010dn\u00ed volby Poslaneck\u00e9 sn\u011bmovn\u011b ihned po \u0159\u00edjnov\u00fdch volb\u00e1ch. Tento postup otev\u00edr\u00e1 mo\u017enost za\u0159azen\u00ed koresponden\u010dn\u00ed volby na po\u0159ad jedn\u00e1n\u00ed Sn\u011bmovny je\u0161t\u011b p\u0159ed t\u00edm, ne\u017e nov\u00e1 vl\u00e1da za\u010dne poslanc\u016fm p\u0159edkl\u00e1dat vl\u00e1dn\u00ed n\u00e1vrhy z\u00e1kon\u016f. Tak by mohla novela volebn\u00edho z\u00e1kona \u201cproklouznout\u201d ke schv\u00e1len\u00ed.&nbsp;<\/p>\n\n\n\n<p>Je z\u0159ejm\u00e9, \u017ee napln\u011bn\u00ed prvn\u00edho z p\u0159edpoklad\u016f nen\u00ed z lavic Sen\u00e1tu pln\u011b v na\u0161ich ruk\u00e1ch. Jeho spln\u011bn\u00ed z\u00e1vis\u00ed na v\u016fli voli\u010d\u016f, a v\u00fdsledku nadch\u00e1zej\u00edc\u00edch voleb. Druh\u00fd z p\u0159edpoklad\u016f jsme ji\u017e za\u010dali napl\u0148ovat. Na konci \u010dervna se pades\u00e1t sen\u00e1tor\u016f p\u0159ipojilo k sen\u00e1tn\u00edmu n\u00e1vrhu z\u00e1kona, kter\u00fd koresponden\u010dn\u00ed hlasov\u00e1n\u00ed zav\u00e1d\u00ed pro volby do Poslaneck\u00e9 sn\u011bmovny a&nbsp; pro volbu prezidenta republiky. Koncem \u010dervence byl n\u00e1vrh schv\u00e1len p\u0159\u00edslu\u0161n\u00fdmi v\u00fdbory a nyn\u00ed \u010dek\u00e1 na kone\u010dn\u00e9 projedn\u00e1n\u00ed a schv\u00e1len\u00ed pl\u00e9nem Sen\u00e1tu. Chyst\u00e1me se tak u\u010dinit na prvn\u00ed sch\u016fzi po \u0159\u00edjnov\u00fdch volb\u00e1ch tak, aby byl okam\u017eit\u011b postoupen k projedn\u00e1n\u00ed nov\u011b zvolen\u00fdm poslanc\u016fm. Na t\u011bch pak bude z\u00e1le\u017eet, jak se sen\u00e1tn\u00ed novelou nalo\u017e\u00ed, a zda ji rychle schv\u00e1l\u00ed.&nbsp;<\/p>\n\n\n\n<p>Jsme si v\u011bdomi, \u017ee slib\u016f o zaveden\u00ed distan\u010dn\u00ed volby pro \u010desk\u00e9 ob\u010dany \u017eij\u00edc\u00ed v zahrani\u010d\u00ed padlo od sametov\u00e9 revoluce v\u00edce ne\u017e mnoho, a proto existuj\u00ed v\u00e1\u017en\u00e9 d\u016fvody ke skepsi. P\u0159esto neztr\u00e1c\u00edme nad\u011bji, \u017ee se nyn\u00ed otev\u0159ela mo\u017enost, jak d\u00edky zvolen\u00e9 strategii koresponden\u010dn\u00ed volbu co nejd\u0159\u00edve prosadit. Bude v\u0161ak z\u00e1le\u017eet na hlase ka\u017ed\u00e9ho z n\u00e1s doma i v zahrani\u010d\u00ed.&nbsp;&nbsp;<\/p>\n\n\n\n<p>Se srde\u010dn\u00fdm pozdravem<\/p>\n\n\n\n<p>Sen\u00e1to\u0159i<\/p>\n\n\n\n<p>Marek HIL\u0160ER<\/p>\n\n\n\n<p>Pavel K\u00c1RN\u00cdK<\/p>\n\n\n\n<p>Marek O\u0160\u0164\u00c1DAL<\/p>\n\n\n\n<p>Alena DERNEROV\u00c1<\/p>\n","protected":false},"excerpt":{"rendered":"<p>V\u00e1\u017een\u00ed krajan\u00e9, ob\u010dan\u00e9 \u010cesk\u00e9 republiky,&nbsp; v dubnu tohoto roku jsme se na V\u00e1s jako skupina sen\u00e1tor\u016f obr\u00e1tili s informac\u00ed t\u00fdkaj\u00edc\u00ed se projedn\u00e1v\u00e1n\u00ed problematiky zaveden\u00ed koresponden\u010dn\u00edho hlasov\u00e1n\u00ed. V r\u00e1mci novelizace z\u00e1kona pro volby do&nbsp; Parlamentu \u010cesk\u00e9 republiky jsme usilovali o prosazen\u00ed pozm\u011b\u0148ovac\u00edho n\u00e1vrhu, kter\u00fd zav\u00e1d\u011bl koresponden\u010dn\u00ed hlasov\u00e1n\u00ed&hellip; <a class=\"read-more-link\" href=\"http:\/\/www.velehrad.org.uk\/?p=8494\">\u010ct\u011bte v\u00edce<\/a><\/p>\n","protected":false},"author":1,"featured_media":8495,"comment_status":"closed","ping_status":"closed","sticky":false,"template":"","format":"standard","meta":{"ngg_post_thumbnail":0,"footnotes":""},"categories":[20],"tags":[],"class_list":["post-8494","post","type-post","status-publish","format-standard","has-post-thumbnail","hentry","category-novinky"],"post_mailing_queue_ids":[],"_links":{"self":[{"href":"http:\/\/www.velehrad.org.uk\/index.php?rest_route=\/wp\/v2\/posts\/8494","targetHints":{"allow":["GET"]}}],"collection":[{"href":"http:\/\/www.velehrad.org.uk\/index.php?rest_route=\/wp\/v2\/posts"}],"about":[{"href":"http:\/\/www.velehrad.org.uk\/index.php?rest_route=\/wp\/v2\/types\/post"}],"author":[{"embeddable":true,"href":"http:\/\/www.velehrad.org.uk\/index.php?rest_route=\/wp\/v2\/users\/1"}],"replies":[{"embeddable":true,"href":"http:\/\/www.velehrad.org.uk\/index.php?rest_route=%2Fwp%2Fv2%2Fcomments&post=8494"}],"version-history":[{"count":1,"href":"http:\/\/www.velehrad.org.uk\/index.php?rest_route=\/wp\/v2\/posts\/8494\/revisions"}],"predecessor-version":[{"id":8496,"href":"http:\/\/www.velehrad.org.uk\/index.php?rest_route=\/wp\/v2\/posts\/8494\/revisions\/8496"}],"wp:featuredmedia":[{"embeddable":true,"href":"http:\/\/www.velehrad.org.uk\/index.php?rest_route=\/wp\/v2\/media\/8495"}],"wp:attachment":[{"href":"http:\/\/www.velehrad.org.uk\/index.php?rest_route=%2Fwp%2Fv2%2Fmedia&parent=8494"}],"wp:term":[{"taxonomy":"category","embeddable":true,"href":"http:\/\/www.velehrad.org.uk\/index.php?rest_route=%2Fwp%2Fv2%2Fcategories&post=8494"},{"taxonomy":"post_tag","embeddable":true,"href":"http:\/\/www.velehrad.org.uk\/index.php?rest_route=%2Fwp%2Fv2%2Ftags&post=8494"}],"curies":[{"name":"wp","href":"https:\/\/api.w.org\/{rel}","templated":true}]}}