{"id":8504,"date":"2021-10-29T13:44:21","date_gmt":"2021-10-29T11:44:21","guid":{"rendered":"http:\/\/www.velehrad.org.uk\/?p=8504"},"modified":"2021-10-29T13:45:21","modified_gmt":"2021-10-29T11:45:21","slug":"pozvanka-na-navstevu-hrobu-otce-jana-langa-sj","status":"publish","type":"post","link":"http:\/\/www.velehrad.org.uk\/?p=8504","title":{"rendered":"Pozv\u00e1nka na n\u00e1v\u0161t\u011bvu hrobu Otce Jana Langa, SJ"},"content":{"rendered":"\n<p>V sobotu 30. \u0159\u00edjna V\u00e1s zveme k modlitb\u011b za zesnul\u00e9 u p\u0159\u00edle\u017eitosti Slavnosti V\u0161ech svat\u00fdch. Sejdeme se u stanice Morden v 10.00 dopoledne a p\u016fjdeme k hrobu otce Langa, SJ.  <\/p>\n\n\n\n<p>Po modlitb\u011b na h\u0159bitov\u011b se m\u016f\u017eeme sej\u00edt u k\u00e1vy v kav\u00e1rn\u011b naproti stanici Morden. <\/p>\n\n\n\n<p>P\u0159inesete si s sebou sv\u00ed\u010dky na zap\u00e1len\u00ed. <\/p>\n","protected":false},"excerpt":{"rendered":"<p>V sobotu 30. \u0159\u00edjna V\u00e1s zveme k modlitb\u011b za zesnul\u00e9 u p\u0159\u00edle\u017eitosti Slavnosti V\u0161ech svat\u00fdch. Sejdeme se u stanice Morden v 10.00 dopoledne a p\u016fjdeme k hrobu otce Langa, SJ. Po modlitb\u011b na h\u0159bitov\u011b se m\u016f\u017eeme sej\u00edt u k\u00e1vy v kav\u00e1rn\u011b naproti stanici Morden. P\u0159inesete si&hellip; <a class=\"read-more-link\" href=\"http:\/\/www.velehrad.org.uk\/?p=8504\">\u010ct\u011bte v\u00edce<\/a><\/p>\n","protected":false},"author":1,"featured_media":4590,"comment_status":"closed","ping_status":"closed","sticky":false,"template":"","format":"standard","meta":{"ngg_post_thumbnail":0,"footnotes":""},"categories":[20],"tags":[],"class_list":["post-8504","post","type-post","status-publish","format-standard","has-post-thumbnail","hentry","category-novinky"],"post_mailing_queue_ids":[],"_links":{"self":[{"href":"http:\/\/www.velehrad.org.uk\/index.php?rest_route=\/wp\/v2\/posts\/8504","targetHints":{"allow":["GET"]}}],"collection":[{"href":"http:\/\/www.velehrad.org.uk\/index.php?rest_route=\/wp\/v2\/posts"}],"about":[{"href":"http:\/\/www.velehrad.org.uk\/index.php?rest_route=\/wp\/v2\/types\/post"}],"author":[{"embeddable":true,"href":"http:\/\/www.velehrad.org.uk\/index.php?rest_route=\/wp\/v2\/users\/1"}],"replies":[{"embeddable":true,"href":"http:\/\/www.velehrad.org.uk\/index.php?rest_route=%2Fwp%2Fv2%2Fcomments&post=8504"}],"version-history":[{"count":1,"href":"http:\/\/www.velehrad.org.uk\/index.php?rest_route=\/wp\/v2\/posts\/8504\/revisions"}],"predecessor-version":[{"id":8505,"href":"http:\/\/www.velehrad.org.uk\/index.php?rest_route=\/wp\/v2\/posts\/8504\/revisions\/8505"}],"wp:featuredmedia":[{"embeddable":true,"href":"http:\/\/www.velehrad.org.uk\/index.php?rest_route=\/wp\/v2\/media\/4590"}],"wp:attachment":[{"href":"http:\/\/www.velehrad.org.uk\/index.php?rest_route=%2Fwp%2Fv2%2Fmedia&parent=8504"}],"wp:term":[{"taxonomy":"category","embeddable":true,"href":"http:\/\/www.velehrad.org.uk\/index.php?rest_route=%2Fwp%2Fv2%2Fcategories&post=8504"},{"taxonomy":"post_tag","embeddable":true,"href":"http:\/\/www.velehrad.org.uk\/index.php?rest_route=%2Fwp%2Fv2%2Ftags&post=8504"}],"curies":[{"name":"wp","href":"https:\/\/api.w.org\/{rel}","templated":true}]}}