{"id":8509,"date":"2021-11-07T14:52:28","date_gmt":"2021-11-07T12:52:28","guid":{"rendered":"http:\/\/www.velehrad.org.uk\/?p=8509"},"modified":"2021-11-07T14:52:28","modified_gmt":"2021-11-07T12:52:28","slug":"nenechte-si-ujit-25-rocnik-festivalu-made-in-prague","status":"publish","type":"post","link":"http:\/\/www.velehrad.org.uk\/?p=8509","title":{"rendered":"Nenechte si uj\u00edt 25. ro\u010dn\u00edk festivalu MADE IN PRAGUE"},"content":{"rendered":"\n<figure class=\"wp-block-image\"><a href=\"http:\/\/en.velehrad.org.uk\/wp-content\/uploads\/2021\/11\/unnamed.jpeg\"><img decoding=\"async\" src=\"http:\/\/en.velehrad.org.uk\/wp-content\/uploads\/2021\/11\/unnamed-300x176.jpeg\" alt=\"\" class=\"wp-image-1277\"\/><\/a><\/figure>\n\n\n\n<p><strong>Made in Prague Festival slav\u00ed \u010dtvrt stolet\u00ed!<\/strong>P\u0159ijm\u011bte pros\u00edm pozv\u00e1n\u00ed na 25. ro\u010dn\u00edk festivalu \u010cesk\u00e9ho centra Lond\u00fdn&nbsp;<strong>Made in Prague<\/strong>, kter\u00fd letos nab\u00edz\u00ed obzvl\u00e1\u0161\u0165 rozmanitou a inspirativn\u00ed p\u0159ehl\u00eddku nap\u0159\u00ed\u010d \u010deskou kulturou od sou\u010dasn\u00e9ho um\u011bn\u00ed p\u0159es premi\u00e9rov\u00e9 uveden\u00ed celove\u010dern\u00edch i dokument\u00e1rn\u00edch film\u016f a\u017e po divadeln\u00ed audio p\u0159edstaven\u00ed, venkovn\u00ed fotografickou v\u00fdstavu, koncert elektronick\u00e9 hudby \u010di poezii v ulic\u00edch Lond\u00fdna.<\/p>\n\n\n\n<p><br>Made in Prague je jeden z nejd\u00e9le p\u016fsob\u00edc\u00edch festival\u016f sv\u00e9ho druhu ve Velk\u00e9 Brit\u00e1nii v\u016fbec a za \u010dtvrtstolet\u00ed sv\u00e9 existence p\u0159ibl\u00ed\u017eil \u010deskou kulturu nespo\u010dtu div\u00e1k\u016f v Lond\u00fdn\u011b i mimo n\u011bj. V dne\u0161n\u00ed dob\u011b v\u011b\u0159\u00edm v\u00edce ne\u017e kdy d\u0159\u00edve, \u017ee pr\u00e1v\u011b spolupr\u00e1ce v kulturn\u00ed oblasti a vz\u00e1jemn\u00e9 kulturn\u00ed obohacov\u00e1n\u00ed je cesta k udr\u017een\u00ed a dal\u0161\u00edmu rozv\u00edjen\u00ed p\u0159\u00e1telsk\u00fdch vztah\u016f mezi Brit\u00e1ni\u00ed a evropskou pevninou a jsem proto nesm\u00edrn\u011b r\u00e1d, \u017ee k n\u00ed velkou m\u011brou p\u0159isp\u00edv\u00e1me.<\/p>\n\n\n\n<p>Bohat\u00fd p\u011btit\u00fddenn\u00ed program festivalu p\u0159edstav\u00ed skrze n\u011bkolik des\u00edtek akc\u00ed na mnoha v\u00fdznamn\u00fdch m\u00edstech Velk\u00e9 Brit\u00e1nie um\u011bleckou tv\u016fr\u010d\u00ed inovativnost, sv\u00e9bytnost, ale i originalitu sou\u010dasn\u00e9 \u010desk\u00e9 kulturn\u00ed sc\u00e9ny: festival zah\u00e1j\u00ed 7. listopadu prom\u00edt\u00e1n\u00ed kultovn\u00edho filmu&nbsp;<strong>Ext\u00e1ze<\/strong>&nbsp;v obl\u00edben\u00e9m&nbsp;<strong>Barbican Centru&nbsp;<\/strong>a na presti\u017en\u00ed adrese se uskute\u010dn\u00ed tak\u00e9 britsk\u00e1 (a mezin\u00e1rodn\u00ed) premi\u00e9ra netrp\u011bliv\u011b o\u010dek\u00e1van\u00e9ho filmu&nbsp;<strong>Z\u00e1topek<\/strong>, kterou uvedeme v kin\u011b<strong>&nbsp;Vue<\/strong>&nbsp;na lond\u00fdnsk\u00e9m Leicester Square. Filmovou z\u00e1kladnou pro leto\u0161n\u00ed festival bude proslul\u00e9&nbsp;<strong>The Gate Cinema<\/strong>&nbsp;v na\u0161\u00ed domovsk\u00e9 \u010dtvrti&nbsp;<strong>Notting Hill<\/strong>, \u010desk\u00e9 filmy ale proraz\u00ed i mimo Lond\u00fdn d\u00edky putovn\u00ed p\u0159ehl\u00eddce&nbsp;<strong>Made in Prague Tour<\/strong>.&nbsp;<\/p>\n\n\n\n<p>Z dal\u0161\u00edch \u017e\u00e1nr\u016f bych r\u00e1d upozornil na multi-medi\u00e1ln\u00ed v\u00fdstavu&nbsp;<strong>Terezy Stehl\u00edkov\u00e9<\/strong>, audio performance&nbsp;<strong>N\u00e1rodn\u00edho divadla Ty v m\u00e9m dom\u011b<\/strong>, venkovn\u00ed fotografickou v\u00fdstavu&nbsp;<strong>Davida Gaberleho<\/strong>&nbsp;nebo b\u00e1sn\u011b \u010desk\u00fdch autor\u016f v ulic\u00edch Lond\u00fdna. Slavnostn\u00ed zakon\u010den\u00ed festivalu pak prob\u011bhne ji\u017e tradi\u010dn\u011b v klubu&nbsp;<strong>Rich Mix<\/strong>&nbsp;za doprovodu elektronick\u00e9 hudby a audio-vizu\u00e1ln\u00edch projekc\u00ed.&nbsp;<\/p>\n\n\n\n<p>Velmi m\u011b t\u011b\u0161\u00ed, jak \u0161irok\u00fd z\u00e1b\u011br leto\u0161n\u00ed jubilejn\u00ed ro\u010dn\u00edk festivalu m\u00e1, a to jak \u017e\u00e1nrov\u011b, tak i rozm\u00edst\u011bn\u00edm po cel\u00e9 Velk\u00e9 Brit\u00e1nii. R\u00e1d bych proto up\u0159\u00edmn\u011b pod\u011bkoval v\u0161em&nbsp;<strong>partner\u016fm&nbsp;<\/strong>za jejich soustavnou podporu a tak\u00e9 cel\u00e9mu&nbsp;&nbsp;<strong>t\u00fdmu \u010cesk\u00e9ho centra<\/strong>&nbsp;Lond\u00fdn, bez jejich\u017e nasazen\u00ed by tento festival nebyl mo\u017en\u00fd.&nbsp;<\/p>\n\n\n\n<p>Jste v\u0161ichni srde\u010dn\u011b zv\u00e1ni.&nbsp;<\/p>\n\n\n\n<p><strong>P\u0159emysl Pela<\/strong><br>\u0159editel \u010cesk\u00e9ho centra\u00a0Lond\u00fdn<\/p>\n\n\n\n<p><\/p>\n\n\n\n<p>V\u00edce o programu naleznete <a href=\"https:\/\/london.czechcentres.cz\/projekty\/25th-made-in-prague-festival?locale=cs\">zde<\/a><\/p>\n","protected":false},"excerpt":{"rendered":"<p>Made in Prague Festival slav\u00ed \u010dtvrt stolet\u00ed!P\u0159ijm\u011bte pros\u00edm pozv\u00e1n\u00ed na 25. ro\u010dn\u00edk festivalu \u010cesk\u00e9ho centra Lond\u00fdn&nbsp;Made in Prague, kter\u00fd letos nab\u00edz\u00ed obzvl\u00e1\u0161\u0165 rozmanitou a inspirativn\u00ed p\u0159ehl\u00eddku nap\u0159\u00ed\u010d \u010deskou kulturou od sou\u010dasn\u00e9ho um\u011bn\u00ed p\u0159es premi\u00e9rov\u00e9 uveden\u00ed celove\u010dern\u00edch i dokument\u00e1rn\u00edch film\u016f a\u017e po divadeln\u00ed audio p\u0159edstaven\u00ed, venkovn\u00ed fotografickou&hellip; <a class=\"read-more-link\" href=\"http:\/\/www.velehrad.org.uk\/?p=8509\">\u010ct\u011bte v\u00edce<\/a><\/p>\n","protected":false},"author":1,"featured_media":8510,"comment_status":"closed","ping_status":"closed","sticky":false,"template":"","format":"standard","meta":{"ngg_post_thumbnail":0,"footnotes":""},"categories":[20],"tags":[],"class_list":["post-8509","post","type-post","status-publish","format-standard","has-post-thumbnail","hentry","category-novinky"],"post_mailing_queue_ids":[],"_links":{"self":[{"href":"http:\/\/www.velehrad.org.uk\/index.php?rest_route=\/wp\/v2\/posts\/8509","targetHints":{"allow":["GET"]}}],"collection":[{"href":"http:\/\/www.velehrad.org.uk\/index.php?rest_route=\/wp\/v2\/posts"}],"about":[{"href":"http:\/\/www.velehrad.org.uk\/index.php?rest_route=\/wp\/v2\/types\/post"}],"author":[{"embeddable":true,"href":"http:\/\/www.velehrad.org.uk\/index.php?rest_route=\/wp\/v2\/users\/1"}],"replies":[{"embeddable":true,"href":"http:\/\/www.velehrad.org.uk\/index.php?rest_route=%2Fwp%2Fv2%2Fcomments&post=8509"}],"version-history":[{"count":1,"href":"http:\/\/www.velehrad.org.uk\/index.php?rest_route=\/wp\/v2\/posts\/8509\/revisions"}],"predecessor-version":[{"id":8511,"href":"http:\/\/www.velehrad.org.uk\/index.php?rest_route=\/wp\/v2\/posts\/8509\/revisions\/8511"}],"wp:featuredmedia":[{"embeddable":true,"href":"http:\/\/www.velehrad.org.uk\/index.php?rest_route=\/wp\/v2\/media\/8510"}],"wp:attachment":[{"href":"http:\/\/www.velehrad.org.uk\/index.php?rest_route=%2Fwp%2Fv2%2Fmedia&parent=8509"}],"wp:term":[{"taxonomy":"category","embeddable":true,"href":"http:\/\/www.velehrad.org.uk\/index.php?rest_route=%2Fwp%2Fv2%2Fcategories&post=8509"},{"taxonomy":"post_tag","embeddable":true,"href":"http:\/\/www.velehrad.org.uk\/index.php?rest_route=%2Fwp%2Fv2%2Ftags&post=8509"}],"curies":[{"name":"wp","href":"https:\/\/api.w.org\/{rel}","templated":true}]}}