{"id":8521,"date":"2022-01-10T22:21:53","date_gmt":"2022-01-10T20:21:53","guid":{"rendered":"http:\/\/www.velehrad.org.uk\/?p=8521"},"modified":"2022-01-10T22:23:15","modified_gmt":"2022-01-10T20:23:15","slug":"ceska-mse-se-vzpominkou-na-obet-studenta-jana-palacha-19-ledna-18-hodin","status":"publish","type":"post","link":"http:\/\/www.velehrad.org.uk\/?p=8521","title":{"rendered":"\u010cesk\u00e1 m\u0161e se vzpom\u00ednkou na ob\u011b\u0165 studenta Jana Palacha, 19. ledna, 18 hodin"},"content":{"rendered":"\n<p class=\"has-text-align-center\">Spr\u00e1vn\u00ed rada lond\u00fdnsk\u00e9ho Velehradu srde\u010dn\u011b zve krajany na zoomovou<\/p>\n\n\n\n<p class=\"has-text-align-center\"><br><strong>\u010deskou m\u0161i se vzpom\u00ednkou na ob\u011b\u0165 studenta Jana Palacha<\/strong><\/p>\n\n\n\n<p class=\"has-text-align-center\"><br><em>ve st\u0159edu 19. ledna ve 18 hodin, <\/em><\/p>\n\n\n\n<p class=\"has-text-align-center\"><em>v den v\u00fdro\u010d\u00ed jeho smrti<\/em><\/p>\n\n\n\n<p class=\"has-text-align-center\">K\u00f3dy : https:\/\/us02web.zoom.us\/j\/89851321071?pwd=MFpISUE4SjZlQUVRMnlRNmJad1EwZz09<br>Meeting ID: 898 5132 1071 a Passcode: 974803 <\/p>\n\n\n\n<p class=\"has-text-align-center\">Dal\u0161\u00ed informace na: contact@velehrad.org.uk<\/p>\n","protected":false},"excerpt":{"rendered":"<p>Spr\u00e1vn\u00ed rada lond\u00fdnsk\u00e9ho Velehradu srde\u010dn\u011b zve krajany na zoomovou \u010deskou m\u0161i se vzpom\u00ednkou na ob\u011b\u0165 studenta Jana Palacha.  <a class=\"read-more-link\" href=\"http:\/\/www.velehrad.org.uk\/?p=8521\">\u010ct\u011bte v\u00edce<\/a><\/p>\n","protected":false},"author":1,"featured_media":7320,"comment_status":"closed","ping_status":"closed","sticky":false,"template":"","format":"standard","meta":{"ngg_post_thumbnail":0,"footnotes":""},"categories":[20],"tags":[],"class_list":["post-8521","post","type-post","status-publish","format-standard","has-post-thumbnail","hentry","category-novinky"],"post_mailing_queue_ids":[],"_links":{"self":[{"href":"http:\/\/www.velehrad.org.uk\/index.php?rest_route=\/wp\/v2\/posts\/8521","targetHints":{"allow":["GET"]}}],"collection":[{"href":"http:\/\/www.velehrad.org.uk\/index.php?rest_route=\/wp\/v2\/posts"}],"about":[{"href":"http:\/\/www.velehrad.org.uk\/index.php?rest_route=\/wp\/v2\/types\/post"}],"author":[{"embeddable":true,"href":"http:\/\/www.velehrad.org.uk\/index.php?rest_route=\/wp\/v2\/users\/1"}],"replies":[{"embeddable":true,"href":"http:\/\/www.velehrad.org.uk\/index.php?rest_route=%2Fwp%2Fv2%2Fcomments&post=8521"}],"version-history":[{"count":3,"href":"http:\/\/www.velehrad.org.uk\/index.php?rest_route=\/wp\/v2\/posts\/8521\/revisions"}],"predecessor-version":[{"id":8524,"href":"http:\/\/www.velehrad.org.uk\/index.php?rest_route=\/wp\/v2\/posts\/8521\/revisions\/8524"}],"wp:featuredmedia":[{"embeddable":true,"href":"http:\/\/www.velehrad.org.uk\/index.php?rest_route=\/wp\/v2\/media\/7320"}],"wp:attachment":[{"href":"http:\/\/www.velehrad.org.uk\/index.php?rest_route=%2Fwp%2Fv2%2Fmedia&parent=8521"}],"wp:term":[{"taxonomy":"category","embeddable":true,"href":"http:\/\/www.velehrad.org.uk\/index.php?rest_route=%2Fwp%2Fv2%2Fcategories&post=8521"},{"taxonomy":"post_tag","embeddable":true,"href":"http:\/\/www.velehrad.org.uk\/index.php?rest_route=%2Fwp%2Fv2%2Ftags&post=8521"}],"curies":[{"name":"wp","href":"https:\/\/api.w.org\/{rel}","templated":true}]}}