{"id":8555,"date":"2022-05-12T21:41:14","date_gmt":"2022-05-12T19:41:14","guid":{"rendered":"http:\/\/www.velehrad.org.uk\/?p=8555"},"modified":"2022-05-12T21:41:14","modified_gmt":"2022-05-12T19:41:14","slug":"cesky-houslista-krystof-kohout-vystoupi-12-kvetna-v-barbicanu","status":"publish","type":"post","link":"http:\/\/www.velehrad.org.uk\/?p=8555","title":{"rendered":"\u010cesk\u00fd houslista Kry\u0161tof Kohout vystoup\u00ed 12. kv\u011btna v Barbicanu"},"content":{"rendered":"\n<p>Srde\u010dn\u011b V\u00e1s zveme na s\u00f3lov\u00e9 vystoupen\u00ed Kry\u0161tofa Kohouta v Barbican Centre, kter\u00e9 se bude konat tento \u010dtvrtek 12. kv\u011btna. \u010cesk\u00fd houslista bude hr\u00e1t Berg\u016fv houslov\u00fd koncert s Guildhall Symphony Orchestra. Jedn\u00e1 se o fin\u00e1lov\u00fd koncert sout\u011b\u017ee Gold Medal. V\u00edce informac\u00ed naleznete zde <a href=\"https:\/\/www.barbican.org.uk\/whats-on\/2022\/event\/the-gold-medal-2022\">https:\/\/www.barbican.org.uk\/whats-on\/2022\/event\/the-gold-medal-2022<\/a><\/p>\n","protected":false},"excerpt":{"rendered":"<p>Srde\u010dn\u011b V\u00e1s zveme na s\u00f3lov\u00e9 vystoupen\u00ed Kry\u0161tofa Kohouta v Barbican Centre, kter\u00e9 se bude konat tento \u010dtvrtek 12. kv\u011btna. \u010cesk\u00fd houslista bude hr\u00e1t Berg\u016fv houslov\u00fd koncert s Guildhall Symphony Orchestra. Jedn\u00e1 se o fin\u00e1lov\u00fd koncert sout\u011b\u017ee Gold Medal. V\u00edce informac\u00ed naleznete zde https:\/\/www.barbican.org.uk\/whats-on\/2022\/event\/the-gold-medal-2022<\/p>\n","protected":false},"author":1,"featured_media":8556,"comment_status":"closed","ping_status":"closed","sticky":false,"template":"","format":"standard","meta":{"ngg_post_thumbnail":0,"footnotes":""},"categories":[20],"tags":[],"class_list":["post-8555","post","type-post","status-publish","format-standard","has-post-thumbnail","hentry","category-novinky"],"post_mailing_queue_ids":[],"_links":{"self":[{"href":"http:\/\/www.velehrad.org.uk\/index.php?rest_route=\/wp\/v2\/posts\/8555","targetHints":{"allow":["GET"]}}],"collection":[{"href":"http:\/\/www.velehrad.org.uk\/index.php?rest_route=\/wp\/v2\/posts"}],"about":[{"href":"http:\/\/www.velehrad.org.uk\/index.php?rest_route=\/wp\/v2\/types\/post"}],"author":[{"embeddable":true,"href":"http:\/\/www.velehrad.org.uk\/index.php?rest_route=\/wp\/v2\/users\/1"}],"replies":[{"embeddable":true,"href":"http:\/\/www.velehrad.org.uk\/index.php?rest_route=%2Fwp%2Fv2%2Fcomments&post=8555"}],"version-history":[{"count":1,"href":"http:\/\/www.velehrad.org.uk\/index.php?rest_route=\/wp\/v2\/posts\/8555\/revisions"}],"predecessor-version":[{"id":8557,"href":"http:\/\/www.velehrad.org.uk\/index.php?rest_route=\/wp\/v2\/posts\/8555\/revisions\/8557"}],"wp:featuredmedia":[{"embeddable":true,"href":"http:\/\/www.velehrad.org.uk\/index.php?rest_route=\/wp\/v2\/media\/8556"}],"wp:attachment":[{"href":"http:\/\/www.velehrad.org.uk\/index.php?rest_route=%2Fwp%2Fv2%2Fmedia&parent=8555"}],"wp:term":[{"taxonomy":"category","embeddable":true,"href":"http:\/\/www.velehrad.org.uk\/index.php?rest_route=%2Fwp%2Fv2%2Fcategories&post=8555"},{"taxonomy":"post_tag","embeddable":true,"href":"http:\/\/www.velehrad.org.uk\/index.php?rest_route=%2Fwp%2Fv2%2Ftags&post=8555"}],"curies":[{"name":"wp","href":"https:\/\/api.w.org\/{rel}","templated":true}]}}