{"id":8558,"date":"2022-05-12T21:44:46","date_gmt":"2022-05-12T19:44:46","guid":{"rendered":"http:\/\/www.velehrad.org.uk\/?p=8558"},"modified":"2022-05-12T21:44:46","modified_gmt":"2022-05-12T19:44:46","slug":"pozvanka-z-okenka-vyroci-operace-anthropoid","status":"publish","type":"post","link":"http:\/\/www.velehrad.org.uk\/?p=8558","title":{"rendered":"Pozv\u00e1nka z Ok\u00e9nka: V\u00fdro\u010d\u00ed operace Anthropoid"},"content":{"rendered":"\n<p><em>Leto\u0161n\u00ed 80. v\u00fdro\u010d\u00ed operace Anthropoid a n\u00e1sledn\u00e9 vyhlazen\u00ed Lidic a masakr jejich ob\u010dan\u016f si p\u0159ipomeneme s\u00e9ri\u00ed akc\u00ed, po\u010d\u00ednaje d\u00edlnami Na\u0161i veter\u00e1ni.&nbsp;<\/em><\/p>\n\n\n\n<p><em>21.5. od 13.30-15.30 online n\u00e1m Marta Majer\u010d\u00edk, mezin\u00e1rodn\u00ed tajemnice MAFCSV a vnu\u010dka Pavola Remi\u0161a, veter\u00e1na Slovensk\u00e9ho n\u00e1rodn\u00edho povst\u00e1n\u00ed p\u0159edstav\u00ed \u017eivot Jozefa (Josefa) Gab\u010d\u00edka a operaci Anthropoid.&nbsp; Marta Majer\u010d\u00edk a Gerry Manolas z MAFCSV provedou z\u00e1jemce 27.5. od 14.00 kolem Porchester Gate, m\u00edsta organizace operace Anthropoid a s\u00eddla exilov\u00e9 vl\u00e1dy. D\u00edlny online i prohl\u00eddka u Porchester Gate jsou zdarma a otev\u0159en\u00e1 v\u0161em, jen je nutn\u00e1 registrace.&nbsp;<\/em><\/p>\n\n\n\n<p><em>10.6. se bude konat prom\u00edt\u00e1n\u00ed filmu A Tree Remembers od Kostase Follase o Lidic\u00edch a v\u00fdt\u011b\u017eek z akce p\u016fjde na pomoc Ukrajin\u011b. P\u0159ipravujeme tak\u00e9 debatu o spojen\u00ed mezi obc\u00ed Lidice a Stoke on Trent v UK.<\/em><\/p>\n\n\n\n<p><em>V\u00edce informac\u00ed na&nbsp;<a href=\"http:\/\/www.okenko.uk\/historie.html\" target=\"_blank\" rel=\"noreferrer noopener\">http:\/\/www.okenko.uk\/historie.html<\/a><\/em><\/p>\n","protected":false},"excerpt":{"rendered":"<p>Leto\u0161n\u00ed 80. v\u00fdro\u010d\u00ed operace Anthropoid a n\u00e1sledn\u00e9 vyhlazen\u00ed Lidic a masakr jejich ob\u010dan\u016f si p\u0159ipomeneme s\u00e9ri\u00ed akc\u00ed, po\u010d\u00ednaje d\u00edlnami Na\u0161i veter\u00e1ni.&nbsp; 21.5. od 13.30-15.30 online n\u00e1m Marta Majer\u010d\u00edk, mezin\u00e1rodn\u00ed tajemnice MAFCSV a vnu\u010dka Pavola Remi\u0161a, veter\u00e1na Slovensk\u00e9ho n\u00e1rodn\u00edho povst\u00e1n\u00ed p\u0159edstav\u00ed \u017eivot Jozefa (Josefa) Gab\u010d\u00edka a operaci&hellip; <a class=\"read-more-link\" href=\"http:\/\/www.velehrad.org.uk\/?p=8558\">\u010ct\u011bte v\u00edce<\/a><\/p>\n","protected":false},"author":1,"featured_media":8560,"comment_status":"closed","ping_status":"closed","sticky":false,"template":"","format":"standard","meta":{"ngg_post_thumbnail":0,"footnotes":""},"categories":[20],"tags":[],"class_list":["post-8558","post","type-post","status-publish","format-standard","has-post-thumbnail","hentry","category-novinky"],"post_mailing_queue_ids":[],"_links":{"self":[{"href":"http:\/\/www.velehrad.org.uk\/index.php?rest_route=\/wp\/v2\/posts\/8558","targetHints":{"allow":["GET"]}}],"collection":[{"href":"http:\/\/www.velehrad.org.uk\/index.php?rest_route=\/wp\/v2\/posts"}],"about":[{"href":"http:\/\/www.velehrad.org.uk\/index.php?rest_route=\/wp\/v2\/types\/post"}],"author":[{"embeddable":true,"href":"http:\/\/www.velehrad.org.uk\/index.php?rest_route=\/wp\/v2\/users\/1"}],"replies":[{"embeddable":true,"href":"http:\/\/www.velehrad.org.uk\/index.php?rest_route=%2Fwp%2Fv2%2Fcomments&post=8558"}],"version-history":[{"count":1,"href":"http:\/\/www.velehrad.org.uk\/index.php?rest_route=\/wp\/v2\/posts\/8558\/revisions"}],"predecessor-version":[{"id":8561,"href":"http:\/\/www.velehrad.org.uk\/index.php?rest_route=\/wp\/v2\/posts\/8558\/revisions\/8561"}],"wp:featuredmedia":[{"embeddable":true,"href":"http:\/\/www.velehrad.org.uk\/index.php?rest_route=\/wp\/v2\/media\/8560"}],"wp:attachment":[{"href":"http:\/\/www.velehrad.org.uk\/index.php?rest_route=%2Fwp%2Fv2%2Fmedia&parent=8558"}],"wp:term":[{"taxonomy":"category","embeddable":true,"href":"http:\/\/www.velehrad.org.uk\/index.php?rest_route=%2Fwp%2Fv2%2Fcategories&post=8558"},{"taxonomy":"post_tag","embeddable":true,"href":"http:\/\/www.velehrad.org.uk\/index.php?rest_route=%2Fwp%2Fv2%2Ftags&post=8558"}],"curies":[{"name":"wp","href":"https:\/\/api.w.org\/{rel}","templated":true}]}}