{"id":8576,"date":"2022-10-13T18:50:23","date_gmt":"2022-10-13T16:50:23","guid":{"rendered":"http:\/\/www.velehrad.org.uk\/?p=8576"},"modified":"2022-11-03T21:35:23","modified_gmt":"2022-11-03T19:35:23","slug":"fotografie-ze-vzpominky-na-jana-juna","status":"publish","type":"post","link":"http:\/\/www.velehrad.org.uk\/?p=8576","title":{"rendered":"Fotografie ze vzpom\u00ednky na Jana J\u016fna"},"content":{"rendered":"\n<p>V ned\u011bli 2. \u0159\u00edjna se na Velehrad\u011b konala vzpom\u00ednka na Jana J\u016fna. <\/p>\n\n\n\nngg_shortcode_0_placeholder\n\n\n\n<p><\/p>\n","protected":false},"excerpt":{"rendered":"<p>V ned\u011bli 2. \u0159\u00edjna se na Velehrad\u011b konala vzpom\u00ednka na Jana J\u016fna.<\/p>\n","protected":false},"author":1,"featured_media":8593,"comment_status":"closed","ping_status":"closed","sticky":false,"template":"","format":"standard","meta":{"ngg_post_thumbnail":0,"footnotes":""},"categories":[20],"tags":[],"class_list":["post-8576","post","type-post","status-publish","format-standard","has-post-thumbnail","hentry","category-novinky"],"post_mailing_queue_ids":[],"_links":{"self":[{"href":"http:\/\/www.velehrad.org.uk\/index.php?rest_route=\/wp\/v2\/posts\/8576","targetHints":{"allow":["GET"]}}],"collection":[{"href":"http:\/\/www.velehrad.org.uk\/index.php?rest_route=\/wp\/v2\/posts"}],"about":[{"href":"http:\/\/www.velehrad.org.uk\/index.php?rest_route=\/wp\/v2\/types\/post"}],"author":[{"embeddable":true,"href":"http:\/\/www.velehrad.org.uk\/index.php?rest_route=\/wp\/v2\/users\/1"}],"replies":[{"embeddable":true,"href":"http:\/\/www.velehrad.org.uk\/index.php?rest_route=%2Fwp%2Fv2%2Fcomments&post=8576"}],"version-history":[{"count":3,"href":"http:\/\/www.velehrad.org.uk\/index.php?rest_route=\/wp\/v2\/posts\/8576\/revisions"}],"predecessor-version":[{"id":8604,"href":"http:\/\/www.velehrad.org.uk\/index.php?rest_route=\/wp\/v2\/posts\/8576\/revisions\/8604"}],"wp:featuredmedia":[{"embeddable":true,"href":"http:\/\/www.velehrad.org.uk\/index.php?rest_route=\/wp\/v2\/media\/8593"}],"wp:attachment":[{"href":"http:\/\/www.velehrad.org.uk\/index.php?rest_route=%2Fwp%2Fv2%2Fmedia&parent=8576"}],"wp:term":[{"taxonomy":"category","embeddable":true,"href":"http:\/\/www.velehrad.org.uk\/index.php?rest_route=%2Fwp%2Fv2%2Fcategories&post=8576"},{"taxonomy":"post_tag","embeddable":true,"href":"http:\/\/www.velehrad.org.uk\/index.php?rest_route=%2Fwp%2Fv2%2Ftags&post=8576"}],"curies":[{"name":"wp","href":"https:\/\/api.w.org\/{rel}","templated":true}]}}