{"id":8595,"date":"2022-11-03T21:22:46","date_gmt":"2022-11-03T19:22:46","guid":{"rendered":"http:\/\/www.velehrad.org.uk\/?p=8595"},"modified":"2022-11-03T21:22:46","modified_gmt":"2022-11-03T19:22:46","slug":"pozvanka-vazani-adventnich-vencu-v-sobotu-26-11","status":"publish","type":"post","link":"http:\/\/www.velehrad.org.uk\/?p=8595","title":{"rendered":"POZV\u00c1NKA: V\u00e1z\u00e1n\u00ed adventn\u00edch v\u011bnc\u016f v sobotu 26.11."},"content":{"rendered":"\n<p>\u010cesk\u00e1 a slovensk\u00e1 \u0161kola a organizace Ok\u00e9nko\u00a0ve spolupr\u00e1ci s charitou\u00a0Velehrad\u00a0v\u00e1s<br>srde\u010dn\u011b zve na\u00a0v\u00e1z\u00e1n\u00ed adventn\u00edch v\u011bnc\u016f\u00a0&#8211;\u00a0Podve\u010der pln\u00fd rukod\u011bln\u00e9ho tvo\u0159en\u00ed, pov\u00edd\u00e1n\u00ed si o<br>tradic\u00edch a poslechu koled se skleni\u010dkou sva\u0159en\u00e9ho v\u00edna.<\/p>\n\n\n\n<p><br><strong>Kdy?\u00a0<\/strong>V sobotu 26.11. od 17-19.00<br><strong>Kde?<\/strong>\u00a0Na Velehrad\u011b, 39 Lonsdale Road, London, SW13 9JP. Parkov\u00e1n\u00ed v okol\u00ed budovy<br>Velehradu je ve\u010der zdarma.<\/p>\n\n\n\n<p><br>P\u0159ipravte se s n\u00e1mi na V\u00e1no\u010dn\u00ed obdob\u00ed a vyrobte si sv\u016fj vlastn\u00ed adventn\u00ed v\u011bnec. Pov\u00edme si o<br>tradic\u00edch, poslechneme si koledy a p\u0159ipijeme si na za\u010d\u00e1tek adventu skleni\u010dkou sva\u0159en\u00e9ho v\u00edna.<br>Ve\u0161ker\u00fd pot\u0159ebn\u00fd materi\u00e1l je v cen\u011b t\u00e9to d\u00edlny.<br>\u200b<br>Po\u010det m\u00edst striktn\u011b limitov\u00e1n, zamluvte si svoje m\u00edsto tedy co nejd\u0159\u00edve.<br>L\u00edstek \u00a315 na osobu, registrace na\u00a0<a href=\"https:\/\/www.eventbrite.co.uk\/e\/vazani-adventnich-vencu-tickets-453466459387\">Eventbrite<\/a>.<br>Ot\u00e1zky na info@okenko.uk<\/p>\n","protected":false},"excerpt":{"rendered":"<p>\u010cesk\u00e1 a slovensk\u00e1 \u0161kola a organizace Ok\u00e9nko ve spolupr\u00e1ci s charitou Velehrad v\u00e1s srde\u010dn\u011b zve na v\u00e1z\u00e1n\u00ed adventn\u00edch v\u011bnc\u016f, kter\u00e9 se bude konat v sobotu 26. listopadu na Velehrad\u011b.  <a class=\"read-more-link\" href=\"http:\/\/www.velehrad.org.uk\/?p=8595\">\u010ct\u011bte v\u00edce<\/a><\/p>\n","protected":false},"author":1,"featured_media":8596,"comment_status":"closed","ping_status":"closed","sticky":false,"template":"","format":"standard","meta":{"ngg_post_thumbnail":0,"footnotes":""},"categories":[20],"tags":[],"class_list":["post-8595","post","type-post","status-publish","format-standard","has-post-thumbnail","hentry","category-novinky"],"post_mailing_queue_ids":[],"_links":{"self":[{"href":"http:\/\/www.velehrad.org.uk\/index.php?rest_route=\/wp\/v2\/posts\/8595","targetHints":{"allow":["GET"]}}],"collection":[{"href":"http:\/\/www.velehrad.org.uk\/index.php?rest_route=\/wp\/v2\/posts"}],"about":[{"href":"http:\/\/www.velehrad.org.uk\/index.php?rest_route=\/wp\/v2\/types\/post"}],"author":[{"embeddable":true,"href":"http:\/\/www.velehrad.org.uk\/index.php?rest_route=\/wp\/v2\/users\/1"}],"replies":[{"embeddable":true,"href":"http:\/\/www.velehrad.org.uk\/index.php?rest_route=%2Fwp%2Fv2%2Fcomments&post=8595"}],"version-history":[{"count":1,"href":"http:\/\/www.velehrad.org.uk\/index.php?rest_route=\/wp\/v2\/posts\/8595\/revisions"}],"predecessor-version":[{"id":8597,"href":"http:\/\/www.velehrad.org.uk\/index.php?rest_route=\/wp\/v2\/posts\/8595\/revisions\/8597"}],"wp:featuredmedia":[{"embeddable":true,"href":"http:\/\/www.velehrad.org.uk\/index.php?rest_route=\/wp\/v2\/media\/8596"}],"wp:attachment":[{"href":"http:\/\/www.velehrad.org.uk\/index.php?rest_route=%2Fwp%2Fv2%2Fmedia&parent=8595"}],"wp:term":[{"taxonomy":"category","embeddable":true,"href":"http:\/\/www.velehrad.org.uk\/index.php?rest_route=%2Fwp%2Fv2%2Fcategories&post=8595"},{"taxonomy":"post_tag","embeddable":true,"href":"http:\/\/www.velehrad.org.uk\/index.php?rest_route=%2Fwp%2Fv2%2Ftags&post=8595"}],"curies":[{"name":"wp","href":"https:\/\/api.w.org\/{rel}","templated":true}]}}