{"id":8607,"date":"2022-11-10T21:25:23","date_gmt":"2022-11-10T19:25:23","guid":{"rendered":"http:\/\/www.velehrad.org.uk\/?p=8607"},"modified":"2022-11-10T21:26:48","modified_gmt":"2022-11-10T19:26:48","slug":"moravska-cimbalovka-v-londyne-17-listopadu","status":"publish","type":"post","link":"http:\/\/www.velehrad.org.uk\/?p=8607","title":{"rendered":"Moravsk\u00e1 cimb\u00e1lovka v Lond\u00fdn\u011b 18. listopadu"},"content":{"rendered":"\n<p>\u010cesk\u00e1 a slovensk\u00e1 \u0161kola a organizace Ok\u00e9nko v\u00e1s srde\u010dn\u011b zve na<br>oslavu 17. listopadu v Lond\u00fdn\u011b stylov\u011b s moravskou cimb\u00e1lovou<br>skupinou Z\u00e1letn\u00edci a u sklenky v\u00edna moravsk\u00e9ho vina\u0159e Stanislava M\u00e1dla. <br>\u00a0<\/p>\n\n\n\n<p>Cimb\u00e1lov\u00e1 muzika Z\u00e1letn\u00edci&nbsp;pro v\u00e1s p\u0159ipravila ve\u010der pln\u00fd hudby s<br>\u010desk\u00fdmi, moravsk\u00fdmi a slovensk\u00fdmi lidov\u00fdmi p\u00edsn\u011bmi. Skupina<br>poch\u00e1z\u00ed z moravsk\u00e9ho m\u011bsta Olomouc a vznikla p\u0159ed 10 lety. Budou<br>hr\u00e1t na typick\u00e9 n\u00e1stroje jako jsou housle, viola, kontrabas a<br>cimb\u00e1l.&nbsp;Spole\u010dn\u011b tak stylov\u011b oslav\u00edme&nbsp;33. v\u00fdro\u010d\u00ed Sametov\u00e9 revoluce.<\/p>\n\n\n\n<p>L\ufeff\u00edstek zahrnuje nejen koncert cimb\u00e1lovky Z\u00e1letn\u00edci, ale tak\u00e9&nbsp;lehk\u00e9<br>ob\u010derstven\u00ed&nbsp;a v\u00fdborn\u00e9&nbsp;moravsk\u00e9 v\u00ednovina\u0159e Stanislava M\u00e1dla.&nbsp;<\/p>\n\n\n\n<p>P\ufeff\u0159ij\u010fte si zazp\u00edvat, zatan\u010dit a pobavit se.&nbsp;<\/p>\n\n\n\n<p>D\u016fle\u017eit\u00e9 upozorn\u011bn\u00ed: V s\u00e1le nen\u00ed mo\u017en\u00e9 tancovat ve\u00a0\u0161pi\u010dat\u00fdch podpatc\u00edch!\u00a0<br>\u00a0<\/p>\n\n\n\n<p>D\u011bkujeme nejen skupin\u011b Z\u00e1letn\u00edci a vina\u0159i Stanislavu M\u00e1dlovi, ale<br>tak\u00e9 za spolupr\u00e1ci na organizaci t\u00e9to akce charit\u011b Velehrad, \u010cesk\u00e9<br>\u0161kole a komunitn\u00ed organizaci Manchester a \u010cesk\u00e9mu konzul\u00e1tu v Manchesteru.\u00a0<br>\u00a0<\/p>\n\n\n\n<p>Akce se kon\u00e1&nbsp;v p\u00e1tek 18.11.2022 od 19.00 v budov\u011b Velehradu, 39<br>Lonsdale Road, London, SW13 9JP.&nbsp;P\ufeffarkov\u00e1n\u00ed v okol\u00ed budovy<\/p>\n\n\n\n<p>Velehradu je ve\u010der zdarma.<\/p>\n\n\n\n<p>V\ufeff\u00edce informac\u00ed&nbsp;o skupin\u011b:&nbsp;http:\/\/www.cmzaletnici.cz\/&nbsp;nebo na<br>Facebooku&nbsp;https:\/\/www.facebook.com\/cmzaletnici<\/p>\n","protected":false},"excerpt":{"rendered":"<p>\u010cesk\u00e1 a slovensk\u00e1 \u0161kola a organizace Ok\u00e9nko v\u00e1s srde\u010dn\u011b zve na<br \/>\noslavu 17. listopadu v Lond\u00fdn\u011b stylov\u011b s moravskou cimb\u00e1lovou<br \/>\nskupinou Z\u00e1letn\u00edci a u sklenky v\u00edna moravsk\u00e9ho vina\u0159e Stanislava M\u00e1dla. <a class=\"read-more-link\" href=\"http:\/\/www.velehrad.org.uk\/?p=8607\">\u010ct\u011bte v\u00edce<\/a><\/p>\n","protected":false},"author":1,"featured_media":8608,"comment_status":"closed","ping_status":"closed","sticky":false,"template":"","format":"standard","meta":{"ngg_post_thumbnail":0,"footnotes":""},"categories":[20],"tags":[],"class_list":["post-8607","post","type-post","status-publish","format-standard","has-post-thumbnail","hentry","category-novinky"],"post_mailing_queue_ids":[],"_links":{"self":[{"href":"http:\/\/www.velehrad.org.uk\/index.php?rest_route=\/wp\/v2\/posts\/8607","targetHints":{"allow":["GET"]}}],"collection":[{"href":"http:\/\/www.velehrad.org.uk\/index.php?rest_route=\/wp\/v2\/posts"}],"about":[{"href":"http:\/\/www.velehrad.org.uk\/index.php?rest_route=\/wp\/v2\/types\/post"}],"author":[{"embeddable":true,"href":"http:\/\/www.velehrad.org.uk\/index.php?rest_route=\/wp\/v2\/users\/1"}],"replies":[{"embeddable":true,"href":"http:\/\/www.velehrad.org.uk\/index.php?rest_route=%2Fwp%2Fv2%2Fcomments&post=8607"}],"version-history":[{"count":2,"href":"http:\/\/www.velehrad.org.uk\/index.php?rest_route=\/wp\/v2\/posts\/8607\/revisions"}],"predecessor-version":[{"id":8610,"href":"http:\/\/www.velehrad.org.uk\/index.php?rest_route=\/wp\/v2\/posts\/8607\/revisions\/8610"}],"wp:featuredmedia":[{"embeddable":true,"href":"http:\/\/www.velehrad.org.uk\/index.php?rest_route=\/wp\/v2\/media\/8608"}],"wp:attachment":[{"href":"http:\/\/www.velehrad.org.uk\/index.php?rest_route=%2Fwp%2Fv2%2Fmedia&parent=8607"}],"wp:term":[{"taxonomy":"category","embeddable":true,"href":"http:\/\/www.velehrad.org.uk\/index.php?rest_route=%2Fwp%2Fv2%2Fcategories&post=8607"},{"taxonomy":"post_tag","embeddable":true,"href":"http:\/\/www.velehrad.org.uk\/index.php?rest_route=%2Fwp%2Fv2%2Ftags&post=8607"}],"curies":[{"name":"wp","href":"https:\/\/api.w.org\/{rel}","templated":true}]}}