{"id":8618,"date":"2022-11-23T22:33:22","date_gmt":"2022-11-23T20:33:22","guid":{"rendered":"http:\/\/www.velehrad.org.uk\/?p=8618"},"modified":"2022-11-23T22:39:19","modified_gmt":"2022-11-23T20:39:19","slug":"fotografie-z-patecni-cimbalovky-na-velehrade","status":"publish","type":"post","link":"http:\/\/www.velehrad.org.uk\/?p=8618","title":{"rendered":"Fotografie z p\u00e1te\u010dn\u00ed cimb\u00e1lovky Z\u00c1LETN\u00cdCI na Velehrad\u011b"},"content":{"rendered":"\n<p>P\u0159in\u00e1\u0161\u00edme V\u00e1m n\u011bkolik fotografi\u00ed z p\u00e1tku 18. listopadu, kdy bylo na Velehrad\u011b veselo. Ve\u010der p\u0159i cimb\u00e1lovce Z\u00e1letn\u00edci a moravsk\u00e9m v\u00edn\u011b pana Madla si u\u017eili des\u00edtky host\u016f.  Na <a href=\"https:\/\/www.facebook.com\/100040098144870\/videos\/a.803269291019668\/1292061144669603\">FB Ok\u00e9nka<\/a> m\u016f\u017eete vid\u011bt v\u00edce fotek a vide\u00ed. <\/p>\n\n\n\n<figure class=\"wp-block-gallery columns-3 is-cropped wp-block-gallery-1 is-layout-flex wp-block-gallery-is-layout-flex\"><ul class=\"blocks-gallery-grid\"><li class=\"blocks-gallery-item\"><figure><a href=\"http:\/\/www.velehrad.org.uk\/wp-content\/uploads\/2022\/11\/skupina-cela.jpeg\"><img loading=\"lazy\" decoding=\"async\" width=\"644\" height=\"483\" src=\"http:\/\/www.velehrad.org.uk\/wp-content\/uploads\/2022\/11\/skupina-cela-644x483.jpeg\" alt=\"\" data-id=\"8616\" data-full-url=\"http:\/\/www.velehrad.org.uk\/wp-content\/uploads\/2022\/11\/skupina-cela.jpeg\" data-link=\"http:\/\/www.velehrad.org.uk\/?attachment_id=8616\" class=\"wp-image-8616\" srcset=\"http:\/\/www.velehrad.org.uk\/wp-content\/uploads\/2022\/11\/skupina-cela-644x483.jpeg 644w, http:\/\/www.velehrad.org.uk\/wp-content\/uploads\/2022\/11\/skupina-cela-300x225.jpeg 300w, http:\/\/www.velehrad.org.uk\/wp-content\/uploads\/2022\/11\/skupina-cela-768x576.jpeg 768w, http:\/\/www.velehrad.org.uk\/wp-content\/uploads\/2022\/11\/skupina-cela-1536x1152.jpeg 1536w, http:\/\/www.velehrad.org.uk\/wp-content\/uploads\/2022\/11\/skupina-cela.jpeg 2048w\" sizes=\"auto, (max-width: 644px) 100vw, 644px\" \/><\/a><\/figure><\/li><li class=\"blocks-gallery-item\"><figure><a href=\"http:\/\/www.velehrad.org.uk\/wp-content\/uploads\/2022\/11\/a-misy.jpeg\"><img loading=\"lazy\" decoding=\"async\" width=\"644\" height=\"859\" src=\"http:\/\/www.velehrad.org.uk\/wp-content\/uploads\/2022\/11\/a-misy-644x859.jpeg\" alt=\"\" data-id=\"8615\" data-full-url=\"http:\/\/www.velehrad.org.uk\/wp-content\/uploads\/2022\/11\/a-misy.jpeg\" data-link=\"http:\/\/www.velehrad.org.uk\/?attachment_id=8615\" class=\"wp-image-8615\" srcset=\"http:\/\/www.velehrad.org.uk\/wp-content\/uploads\/2022\/11\/a-misy-644x859.jpeg 644w, http:\/\/www.velehrad.org.uk\/wp-content\/uploads\/2022\/11\/a-misy-225x300.jpeg 225w, http:\/\/www.velehrad.org.uk\/wp-content\/uploads\/2022\/11\/a-misy-768x1024.jpeg 768w, http:\/\/www.velehrad.org.uk\/wp-content\/uploads\/2022\/11\/a-misy-1152x1536.jpeg 1152w, http:\/\/www.velehrad.org.uk\/wp-content\/uploads\/2022\/11\/a-misy.jpeg 1536w\" sizes=\"auto, (max-width: 644px) 100vw, 644px\" \/><\/a><\/figure><\/li><li class=\"blocks-gallery-item\"><figure><a href=\"http:\/\/www.velehrad.org.uk\/wp-content\/uploads\/2022\/11\/tanec.jpeg\"><img loading=\"lazy\" decoding=\"async\" width=\"644\" height=\"483\" src=\"http:\/\/www.velehrad.org.uk\/wp-content\/uploads\/2022\/11\/tanec-644x483.jpeg\" alt=\"\" data-id=\"8614\" data-full-url=\"http:\/\/www.velehrad.org.uk\/wp-content\/uploads\/2022\/11\/tanec.jpeg\" data-link=\"http:\/\/www.velehrad.org.uk\/?attachment_id=8614\" class=\"wp-image-8614\" srcset=\"http:\/\/www.velehrad.org.uk\/wp-content\/uploads\/2022\/11\/tanec-644x483.jpeg 644w, http:\/\/www.velehrad.org.uk\/wp-content\/uploads\/2022\/11\/tanec-300x225.jpeg 300w, http:\/\/www.velehrad.org.uk\/wp-content\/uploads\/2022\/11\/tanec-768x576.jpeg 768w, http:\/\/www.velehrad.org.uk\/wp-content\/uploads\/2022\/11\/tanec-1536x1152.jpeg 1536w, http:\/\/www.velehrad.org.uk\/wp-content\/uploads\/2022\/11\/tanec.jpeg 2048w\" sizes=\"auto, (max-width: 644px) 100vw, 644px\" \/><\/a><\/figure><\/li><li class=\"blocks-gallery-item\"><figure><a href=\"http:\/\/www.velehrad.org.uk\/wp-content\/uploads\/2022\/11\/cimbalovka-s-J-N.jpeg\"><img loading=\"lazy\" decoding=\"async\" width=\"644\" height=\"483\" src=\"http:\/\/www.velehrad.org.uk\/wp-content\/uploads\/2022\/11\/cimbalovka-s-J-N-644x483.jpeg\" alt=\"\" data-id=\"8612\" data-full-url=\"http:\/\/www.velehrad.org.uk\/wp-content\/uploads\/2022\/11\/cimbalovka-s-J-N.jpeg\" data-link=\"http:\/\/www.velehrad.org.uk\/?attachment_id=8612\" class=\"wp-image-8612\" srcset=\"http:\/\/www.velehrad.org.uk\/wp-content\/uploads\/2022\/11\/cimbalovka-s-J-N-644x483.jpeg 644w, http:\/\/www.velehrad.org.uk\/wp-content\/uploads\/2022\/11\/cimbalovka-s-J-N-300x225.jpeg 300w, http:\/\/www.velehrad.org.uk\/wp-content\/uploads\/2022\/11\/cimbalovka-s-J-N-768x576.jpeg 768w, http:\/\/www.velehrad.org.uk\/wp-content\/uploads\/2022\/11\/cimbalovka-s-J-N-1536x1152.jpeg 1536w, http:\/\/www.velehrad.org.uk\/wp-content\/uploads\/2022\/11\/cimbalovka-s-J-N.jpeg 2048w\" sizes=\"auto, (max-width: 644px) 100vw, 644px\" \/><\/a><\/figure><\/li><\/ul><\/figure>\n","protected":false},"excerpt":{"rendered":"<p>P\u0159in\u00e1\u0161\u00edme V\u00e1m n\u011bkolik fotografi\u00ed z p\u00e1tku 18. listopadu, kdy bylo na Velehrad\u011b veselo. Ve\u010der p\u0159i cimb\u00e1lovce Z\u00e1letn\u00edci a moravsk\u00e9m v\u00edn\u011b pana Madla si u\u017eili des\u00edtky host\u016f. Na FB Ok\u00e9nka m\u016f\u017eete vid\u011bt v\u00edce fotek a vide\u00ed.<\/p>\n","protected":false},"author":1,"featured_media":8612,"comment_status":"closed","ping_status":"closed","sticky":false,"template":"","format":"standard","meta":{"ngg_post_thumbnail":0,"footnotes":""},"categories":[20],"tags":[],"class_list":["post-8618","post","type-post","status-publish","format-standard","has-post-thumbnail","hentry","category-novinky"],"post_mailing_queue_ids":[],"_links":{"self":[{"href":"http:\/\/www.velehrad.org.uk\/index.php?rest_route=\/wp\/v2\/posts\/8618","targetHints":{"allow":["GET"]}}],"collection":[{"href":"http:\/\/www.velehrad.org.uk\/index.php?rest_route=\/wp\/v2\/posts"}],"about":[{"href":"http:\/\/www.velehrad.org.uk\/index.php?rest_route=\/wp\/v2\/types\/post"}],"author":[{"embeddable":true,"href":"http:\/\/www.velehrad.org.uk\/index.php?rest_route=\/wp\/v2\/users\/1"}],"replies":[{"embeddable":true,"href":"http:\/\/www.velehrad.org.uk\/index.php?rest_route=%2Fwp%2Fv2%2Fcomments&post=8618"}],"version-history":[{"count":3,"href":"http:\/\/www.velehrad.org.uk\/index.php?rest_route=\/wp\/v2\/posts\/8618\/revisions"}],"predecessor-version":[{"id":8623,"href":"http:\/\/www.velehrad.org.uk\/index.php?rest_route=\/wp\/v2\/posts\/8618\/revisions\/8623"}],"wp:featuredmedia":[{"embeddable":true,"href":"http:\/\/www.velehrad.org.uk\/index.php?rest_route=\/wp\/v2\/media\/8612"}],"wp:attachment":[{"href":"http:\/\/www.velehrad.org.uk\/index.php?rest_route=%2Fwp%2Fv2%2Fmedia&parent=8618"}],"wp:term":[{"taxonomy":"category","embeddable":true,"href":"http:\/\/www.velehrad.org.uk\/index.php?rest_route=%2Fwp%2Fv2%2Fcategories&post=8618"},{"taxonomy":"post_tag","embeddable":true,"href":"http:\/\/www.velehrad.org.uk\/index.php?rest_route=%2Fwp%2Fv2%2Ftags&post=8618"}],"curies":[{"name":"wp","href":"https:\/\/api.w.org\/{rel}","templated":true}]}}