{"id":8653,"date":"2023-02-27T15:36:48","date_gmt":"2023-02-27T13:36:48","guid":{"rendered":"http:\/\/www.velehrad.org.uk\/?p=8653"},"modified":"2023-02-27T15:42:36","modified_gmt":"2023-02-27T13:42:36","slug":"akce-pro-deti-komiks-na-velehrade-26-brezna","status":"publish","type":"post","link":"http:\/\/www.velehrad.org.uk\/?p=8653","title":{"rendered":"Akce pro d\u011bti: Komiks na Velehrad\u011b, 26. b\u0159ezna"},"content":{"rendered":"<div class=\"x11i5rnm xat24cr x1mh8g0r x1vvkbs xdj266r x126k92a\">\n<div dir=\"auto\">Spisovatelka <a class=\"x1i10hfl xjbqb8w x6umtig x1b1mbwd xaqea5y xav7gou x9f619 x1ypdohk xt0psk2 xe8uvvx xdj266r x11i5rnm xat24cr x1mh8g0r xexx8yu x4uap5 x18d9i69 xkhd6sd x16tdsg8 x1hl2dhg xggy1nq x1a2a7pz xt0b8zv x1qq9wsj xo1l8bm\" tabindex=\"0\" role=\"link\" href=\"https:\/\/www.facebook.com\/smolikovaklara?__cft__[0]=AZX_U07c-32lmb2OqRxMdK1Mlx-MZB7H99eLO1vKNopxk84Fni7JH0VfSTy5FaI7MEoKeA25Od9DXkfgXMzS1XqBulg_CWfNcnPH4DnnuJgSufFqgIPGNdYifFVfNBIAAVF_HtY17qK8pUtDgCCulszRvt8iA8Puw-Mfryuq-SXlZzwRviPaZqH6BJoyglaCDfE&amp;__tn__=-]K-R\"><span class=\"xt0psk2\">Kl\u00e1ra Smol\u00edkov\u00e1<\/span><\/a> v Lond\u00fdn\u011b ji\u017e tuto ned\u011bli &#8211; nenechte si uj\u00edt jedine\u010dnou p\u0159\u00edle\u017eitost setkat se s kr\u00e1lovnou \u010desk\u00e9ho komiksu!<\/div>\n<div dir=\"auto\">&nbsp;<\/div>\n<\/div>\n<div class=\"x11i5rnm xat24cr x1mh8g0r x1vvkbs xtlvy1s x126k92a\">\n<div dir=\"auto\"><span class=\"x3nfvp2 x1j61x8r x1fcty0u xdj266r xhhsvwb xat24cr xgzva0m xxymvpz xlup9mm x1kky2od\"><img loading=\"lazy\" decoding=\"async\" src=\"https:\/\/static.xx.fbcdn.net\/images\/emoji.php\/v9\/t9e\/1\/16\/27a1.png\" alt=\"&#x27a1;&#xfe0f;\" width=\"16\" height=\"16\"><\/span> 26. 2. 12-13.00 Pro p\u0159ed\u0161kol\u00e1ky:<\/div>\n<div dir=\"auto\">Medv\u00eddek Lup: Pohraj si s komiksov\u00fdm rokem &#8211; Tv\u016fr\u010d\u00ed workshop s partou zv\u00ed\u0159ec\u00edch p\u0159\u00e1tel o ro\u010dn\u00edm obdob\u00ed<\/div>\n<div dir=\"auto\">&nbsp;<\/div>\n<\/div>\n<div class=\"x11i5rnm xat24cr x1mh8g0r x1vvkbs xtlvy1s x126k92a\">\n<div dir=\"auto\"><span class=\"x3nfvp2 x1j61x8r x1fcty0u xdj266r xhhsvwb xat24cr xgzva0m xxymvpz xlup9mm x1kky2od\"><img loading=\"lazy\" decoding=\"async\" src=\"https:\/\/static.xx.fbcdn.net\/images\/emoji.php\/v9\/t9e\/1\/16\/27a1.png\" alt=\"&#x27a1;&#xfe0f;\" width=\"16\" height=\"16\"><\/span> 26. 2. 14-16.00 Pro \u0161kol\u00e1ky:<\/div>\n<div dir=\"auto\">S Komensk\u00fdm v komiksu: Tv\u016fr\u010d\u00ed workshop o \u017eivot\u011b J. A. Komensk\u00e9ho<\/div>\n<div dir=\"auto\">&nbsp;<\/div>\n<\/div>\n<div class=\"x11i5rnm xat24cr x1mh8g0r x1vvkbs xtlvy1s x126k92a\">\n<div dir=\"auto\"><span class=\"x3nfvp2 x1j61x8r x1fcty0u xdj266r xhhsvwb xat24cr xgzva0m xxymvpz xlup9mm x1kky2od\"><img loading=\"lazy\" decoding=\"async\" src=\"https:\/\/static.xx.fbcdn.net\/images\/emoji.php\/v9\/t9e\/1\/16\/27a1.png\" alt=\"&#x27a1;&#xfe0f;\" width=\"16\" height=\"16\"><\/span> 27. 2. 19-21.00 Pro dosp\u011bl\u00e9:<\/div>\n<div dir=\"auto\">Jak na \u010dten\u00e1\u0159sk\u00e9 workshopy<\/div>\n<div dir=\"auto\">Dozv\u00edte se:<\/div>\n<div dir=\"auto\">-jak rozv\u00edjet \u010dten\u00e1\u0159skou gramotnost v tv\u016fr\u010d\u00edch d\u00edln\u00e1ch a jak\u00e9 aktiviza\u010dn\u00ed metody pou\u017e\u00edt<\/div>\n<div dir=\"auto\">-tipy na p\u0159\u00edpravu hrav\u00fdch a funk\u010dn\u00edch lekc\u00ed, kter\u00e9 reflektuj\u00ed r\u016fznorod\u00e9 texty a m\u00e9dia.<\/div>\n<div dir=\"auto\">-jak motivovat \u017e\u00e1ky ke \u010dten\u00ed, k vlastn\u00edmu psan\u00ed \u010di tvorb\u011b komiks\u016f.<\/div>\n<div dir=\"auto\">&#8211; jak pomoc\u00ed jednoduch\u00e9 makety dotvo\u0159it p\u0159\u00edb\u011bh a vyrobit si vlastn\u00ed knihu.<\/div>\n<\/div>\n<div class=\"x11i5rnm xat24cr x1mh8g0r x1vvkbs xtlvy1s x126k92a\">\n<div dir=\"auto\">Ve spolupr\u00e1ci s <a class=\"x1i10hfl xjbqb8w x6umtig x1b1mbwd xaqea5y xav7gou x9f619 x1ypdohk xt0psk2 xe8uvvx xdj266r x11i5rnm xat24cr x1mh8g0r xexx8yu x4uap5 x18d9i69 xkhd6sd x16tdsg8 x1hl2dhg xggy1nq x1a2a7pz xt0b8zv x1qq9wsj xo1l8bm\" tabindex=\"0\" role=\"link\" href=\"https:\/\/www.facebook.com\/cswblondon?__cft__[0]=AZX_U07c-32lmb2OqRxMdK1Mlx-MZB7H99eLO1vKNopxk84Fni7JH0VfSTy5FaI7MEoKeA25Od9DXkfgXMzS1XqBulg_CWfNcnPH4DnnuJgSufFqgIPGNdYifFVfNBIAAVF_HtY17qK8pUtDgCCulszRvt8iA8Puw-Mfryuq-SXlZzwRviPaZqH6BJoyglaCDfE&amp;__tn__=-]K-R\"><span class=\"xt0psk2\">Czech School Without Borders, London<\/span><\/a>, <a class=\"x1i10hfl xjbqb8w x6umtig x1b1mbwd xaqea5y xav7gou x9f619 x1ypdohk xt0psk2 xe8uvvx xdj266r x11i5rnm xat24cr x1mh8g0r xexx8yu x4uap5 x18d9i69 xkhd6sd x16tdsg8 x1hl2dhg xggy1nq x1a2a7pz xt0b8zv x1qq9wsj xo1l8bm\" tabindex=\"0\" role=\"link\" href=\"https:\/\/www.facebook.com\/londynskyvelehrad?__cft__[0]=AZX_U07c-32lmb2OqRxMdK1Mlx-MZB7H99eLO1vKNopxk84Fni7JH0VfSTy5FaI7MEoKeA25Od9DXkfgXMzS1XqBulg_CWfNcnPH4DnnuJgSufFqgIPGNdYifFVfNBIAAVF_HtY17qK8pUtDgCCulszRvt8iA8Puw-Mfryuq-SXlZzwRviPaZqH6BJoyglaCDfE&amp;__tn__=-]K-R\"><span class=\"xt0psk2\">Velehrad London<\/span><\/a>, <a class=\"x1i10hfl xjbqb8w x6umtig x1b1mbwd xaqea5y xav7gou x9f619 x1ypdohk xt0psk2 xe8uvvx xdj266r x11i5rnm xat24cr x1mh8g0r xexx8yu x4uap5 x18d9i69 xkhd6sd x16tdsg8 x1hl2dhg xggy1nq x1a2a7pz xt0b8zv x1qq9wsj xo1l8bm\" tabindex=\"0\" role=\"link\" href=\"https:\/\/www.facebook.com\/SkolaManchester?__cft__[0]=AZX_U07c-32lmb2OqRxMdK1Mlx-MZB7H99eLO1vKNopxk84Fni7JH0VfSTy5FaI7MEoKeA25Od9DXkfgXMzS1XqBulg_CWfNcnPH4DnnuJgSufFqgIPGNdYifFVfNBIAAVF_HtY17qK8pUtDgCCulszRvt8iA8Puw-Mfryuq-SXlZzwRviPaZqH6BJoyglaCDfE&amp;__tn__=-]K-R\"><span class=\"xt0psk2\">Czech School &amp; Community Manchester<\/span><\/a><\/div>\n<\/div>\n<p><a href=\"http:\/\/www.velehrad.org.uk\/wp-content\/uploads\/2023\/02\/Klara-Smolikova-S-Komenskym-do-komiksu-1.png\"><img loading=\"lazy\" decoding=\"async\" class=\"alignnone size-medium wp-image-8654\" src=\"http:\/\/www.velehrad.org.uk\/wp-content\/uploads\/2023\/02\/Klara-Smolikova-S-Komenskym-do-komiksu-1-212x300.png\" alt=\"\" width=\"212\" height=\"300\" srcset=\"http:\/\/www.velehrad.org.uk\/wp-content\/uploads\/2023\/02\/Klara-Smolikova-S-Komenskym-do-komiksu-1-212x300.png 212w, http:\/\/www.velehrad.org.uk\/wp-content\/uploads\/2023\/02\/Klara-Smolikova-S-Komenskym-do-komiksu-1-644x911.png 644w, http:\/\/www.velehrad.org.uk\/wp-content\/uploads\/2023\/02\/Klara-Smolikova-S-Komenskym-do-komiksu-1-768x1086.png 768w, http:\/\/www.velehrad.org.uk\/wp-content\/uploads\/2023\/02\/Klara-Smolikova-S-Komenskym-do-komiksu-1-1086x1536.png 1086w, http:\/\/www.velehrad.org.uk\/wp-content\/uploads\/2023\/02\/Klara-Smolikova-S-Komenskym-do-komiksu-1-1448x2048.png 1448w, http:\/\/www.velehrad.org.uk\/wp-content\/uploads\/2023\/02\/Klara-Smolikova-S-Komenskym-do-komiksu-1.png 1587w\" sizes=\"auto, (max-width: 212px) 100vw, 212px\" \/><\/a><\/p>\n","protected":false},"excerpt":{"rendered":"<p>Spisovatelka Kl\u00e1ra Smol\u00edkov\u00e1 v Lond\u00fdn\u011b ji\u017e tuto ned\u011bli &#8211; nenechte si uj\u00edt jedine\u010dnou p\u0159\u00edle\u017eitost setkat se s kr\u00e1lovnou \u010desk\u00e9ho komiksu! &nbsp; 26. 2. 12-13.00 Pro p\u0159ed\u0161kol\u00e1ky: Medv\u00eddek Lup: Pohraj si s komiksov\u00fdm rokem &#8211; Tv\u016fr\u010d\u00ed workshop s partou zv\u00ed\u0159ec\u00edch p\u0159\u00e1tel o ro\u010dn\u00edm obdob\u00ed &nbsp; 26. 2.&hellip; <a class=\"read-more-link\" href=\"http:\/\/www.velehrad.org.uk\/?p=8653\">\u010ct\u011bte v\u00edce<\/a><\/p>\n","protected":false},"author":1,"featured_media":8662,"comment_status":"closed","ping_status":"closed","sticky":false,"template":"","format":"standard","meta":{"ngg_post_thumbnail":0,"footnotes":""},"categories":[20],"tags":[],"class_list":["post-8653","post","type-post","status-publish","format-standard","has-post-thumbnail","hentry","category-novinky"],"post_mailing_queue_ids":[],"_links":{"self":[{"href":"http:\/\/www.velehrad.org.uk\/index.php?rest_route=\/wp\/v2\/posts\/8653","targetHints":{"allow":["GET"]}}],"collection":[{"href":"http:\/\/www.velehrad.org.uk\/index.php?rest_route=\/wp\/v2\/posts"}],"about":[{"href":"http:\/\/www.velehrad.org.uk\/index.php?rest_route=\/wp\/v2\/types\/post"}],"author":[{"embeddable":true,"href":"http:\/\/www.velehrad.org.uk\/index.php?rest_route=\/wp\/v2\/users\/1"}],"replies":[{"embeddable":true,"href":"http:\/\/www.velehrad.org.uk\/index.php?rest_route=%2Fwp%2Fv2%2Fcomments&post=8653"}],"version-history":[{"count":3,"href":"http:\/\/www.velehrad.org.uk\/index.php?rest_route=\/wp\/v2\/posts\/8653\/revisions"}],"predecessor-version":[{"id":8663,"href":"http:\/\/www.velehrad.org.uk\/index.php?rest_route=\/wp\/v2\/posts\/8653\/revisions\/8663"}],"wp:featuredmedia":[{"embeddable":true,"href":"http:\/\/www.velehrad.org.uk\/index.php?rest_route=\/wp\/v2\/media\/8662"}],"wp:attachment":[{"href":"http:\/\/www.velehrad.org.uk\/index.php?rest_route=%2Fwp%2Fv2%2Fmedia&parent=8653"}],"wp:term":[{"taxonomy":"category","embeddable":true,"href":"http:\/\/www.velehrad.org.uk\/index.php?rest_route=%2Fwp%2Fv2%2Fcategories&post=8653"},{"taxonomy":"post_tag","embeddable":true,"href":"http:\/\/www.velehrad.org.uk\/index.php?rest_route=%2Fwp%2Fv2%2Ftags&post=8653"}],"curies":[{"name":"wp","href":"https:\/\/api.w.org\/{rel}","templated":true}]}}