{"id":8669,"date":"2023-01-27T14:46:00","date_gmt":"2023-01-27T12:46:00","guid":{"rendered":"http:\/\/www.velehrad.org.uk\/?p=8669"},"modified":"2023-02-27T15:47:36","modified_gmt":"2023-02-27T13:47:36","slug":"vzpominka-na-jana-palacha","status":"publish","type":"post","link":"http:\/\/www.velehrad.org.uk\/?p=8669","title":{"rendered":"FOTOGRAFIE: Vzpom\u00ednka na Jana Palacha"},"content":{"rendered":"<p>Ve \u010dtvrtek 19. ledna se na Velehrad\u011b konala vzpom\u00ednka na Jana Palacha.<\/p>\n<p><a href=\"http:\/\/www.velehrad.org.uk\/wp-content\/uploads\/2023\/02\/dcd91e16-6feb-46ca-81cf-357840028537.jpeg\"><img loading=\"lazy\" decoding=\"async\" class=\"alignnone size-medium wp-image-8670\" src=\"http:\/\/www.velehrad.org.uk\/wp-content\/uploads\/2023\/02\/dcd91e16-6feb-46ca-81cf-357840028537-300x225.jpeg\" alt=\"\" width=\"300\" height=\"225\" srcset=\"http:\/\/www.velehrad.org.uk\/wp-content\/uploads\/2023\/02\/dcd91e16-6feb-46ca-81cf-357840028537-300x225.jpeg 300w, http:\/\/www.velehrad.org.uk\/wp-content\/uploads\/2023\/02\/dcd91e16-6feb-46ca-81cf-357840028537-644x483.jpeg 644w, http:\/\/www.velehrad.org.uk\/wp-content\/uploads\/2023\/02\/dcd91e16-6feb-46ca-81cf-357840028537-768x576.jpeg 768w, http:\/\/www.velehrad.org.uk\/wp-content\/uploads\/2023\/02\/dcd91e16-6feb-46ca-81cf-357840028537-1536x1152.jpeg 1536w, http:\/\/www.velehrad.org.uk\/wp-content\/uploads\/2023\/02\/dcd91e16-6feb-46ca-81cf-357840028537.jpeg 2048w\" sizes=\"auto, (max-width: 300px) 100vw, 300px\" \/><\/a> <a href=\"http:\/\/www.velehrad.org.uk\/wp-content\/uploads\/2023\/02\/d6c09be4-93b8-4364-b2c4-4b03575e2021.jpeg\"><img loading=\"lazy\" decoding=\"async\" class=\"alignnone size-medium wp-image-8671\" src=\"http:\/\/www.velehrad.org.uk\/wp-content\/uploads\/2023\/02\/d6c09be4-93b8-4364-b2c4-4b03575e2021-225x300.jpeg\" alt=\"\" width=\"225\" height=\"300\" srcset=\"http:\/\/www.velehrad.org.uk\/wp-content\/uploads\/2023\/02\/d6c09be4-93b8-4364-b2c4-4b03575e2021-225x300.jpeg 225w, http:\/\/www.velehrad.org.uk\/wp-content\/uploads\/2023\/02\/d6c09be4-93b8-4364-b2c4-4b03575e2021-644x859.jpeg 644w, http:\/\/www.velehrad.org.uk\/wp-content\/uploads\/2023\/02\/d6c09be4-93b8-4364-b2c4-4b03575e2021-768x1024.jpeg 768w, http:\/\/www.velehrad.org.uk\/wp-content\/uploads\/2023\/02\/d6c09be4-93b8-4364-b2c4-4b03575e2021-1152x1536.jpeg 1152w, http:\/\/www.velehrad.org.uk\/wp-content\/uploads\/2023\/02\/d6c09be4-93b8-4364-b2c4-4b03575e2021.jpeg 1536w\" sizes=\"auto, (max-width: 225px) 100vw, 225px\" \/><\/a><\/p>\n","protected":false},"excerpt":{"rendered":"<p>Ve \u010dtvrtek 19. ledna se na Velehrad\u011b konala vzpom\u00ednka na Jana Palacha. <a class=\"read-more-link\" href=\"http:\/\/www.velehrad.org.uk\/?p=8669\">\u010ct\u011bte v\u00edce<\/a><\/p>\n","protected":false},"author":1,"featured_media":8670,"comment_status":"closed","ping_status":"closed","sticky":false,"template":"","format":"standard","meta":{"ngg_post_thumbnail":0,"footnotes":""},"categories":[20],"tags":[],"class_list":["post-8669","post","type-post","status-publish","format-standard","has-post-thumbnail","hentry","category-novinky"],"post_mailing_queue_ids":[],"_links":{"self":[{"href":"http:\/\/www.velehrad.org.uk\/index.php?rest_route=\/wp\/v2\/posts\/8669","targetHints":{"allow":["GET"]}}],"collection":[{"href":"http:\/\/www.velehrad.org.uk\/index.php?rest_route=\/wp\/v2\/posts"}],"about":[{"href":"http:\/\/www.velehrad.org.uk\/index.php?rest_route=\/wp\/v2\/types\/post"}],"author":[{"embeddable":true,"href":"http:\/\/www.velehrad.org.uk\/index.php?rest_route=\/wp\/v2\/users\/1"}],"replies":[{"embeddable":true,"href":"http:\/\/www.velehrad.org.uk\/index.php?rest_route=%2Fwp%2Fv2%2Fcomments&post=8669"}],"version-history":[{"count":2,"href":"http:\/\/www.velehrad.org.uk\/index.php?rest_route=\/wp\/v2\/posts\/8669\/revisions"}],"predecessor-version":[{"id":8673,"href":"http:\/\/www.velehrad.org.uk\/index.php?rest_route=\/wp\/v2\/posts\/8669\/revisions\/8673"}],"wp:featuredmedia":[{"embeddable":true,"href":"http:\/\/www.velehrad.org.uk\/index.php?rest_route=\/wp\/v2\/media\/8670"}],"wp:attachment":[{"href":"http:\/\/www.velehrad.org.uk\/index.php?rest_route=%2Fwp%2Fv2%2Fmedia&parent=8669"}],"wp:term":[{"taxonomy":"category","embeddable":true,"href":"http:\/\/www.velehrad.org.uk\/index.php?rest_route=%2Fwp%2Fv2%2Fcategories&post=8669"},{"taxonomy":"post_tag","embeddable":true,"href":"http:\/\/www.velehrad.org.uk\/index.php?rest_route=%2Fwp%2Fv2%2Ftags&post=8669"}],"curies":[{"name":"wp","href":"https:\/\/api.w.org\/{rel}","templated":true}]}}