{"id":8675,"date":"2023-03-27T19:49:09","date_gmt":"2023-03-27T17:49:09","guid":{"rendered":"http:\/\/www.velehrad.org.uk\/?p=8675"},"modified":"2023-03-27T19:51:40","modified_gmt":"2023-03-27T17:51:40","slug":"pozvanka-na-kvetnou-nedeli-2-dubna-ve-2-30-na-velehrade","status":"publish","type":"post","link":"http:\/\/www.velehrad.org.uk\/?p=8675","title":{"rendered":"POZV\u00c1NKA NA KV\u011aTNOU NED\u011aLI 2. DUBNA VE 2.30 NA VELEHRAD\u011a"},"content":{"rendered":"<p style=\"font-weight: 400; text-align: center;\"><strong><em>Spr\u00e1vn\u00ed rada lond\u00fdnsk\u00e9ho Velehradu V\u00e1s srde\u010dn\u011b zve na<\/em><\/strong><\/p>\n<p style=\"font-weight: 400; text-align: center;\"><strong><em>Kv\u011btnou ned\u011bli 2. dubna 2023 na<\/em><\/strong><\/p>\n<p style=\"font-weight: 400; text-align: center;\"><strong><em>M\u0161i svatou ve 2.30 odpoledne<\/em><\/strong><\/p>\n<p style=\"font-weight: 400; text-align: center;\"><strong><em>bude slou\u017eit otec Roman Czudek,&nbsp;<\/em><\/strong><\/p>\n<p style=\"font-weight: 400; text-align: center;\"><em>Rektor \u0159\u00edmsk\u00e9ho Nepomucena<strong>.<\/strong><\/em><\/p>\n<p style=\"font-weight: 400; text-align: center;\"><em>&nbsp;<\/em><strong><em>Budeme sv\u011btit ko\u010di\u010dky<\/em><\/strong><\/p>\n<p style=\"font-weight: 400; text-align: center;\"><a href=\"http:\/\/www.velehrad.org.uk\/wp-content\/uploads\/2023\/03\/unnamed.png\"><img loading=\"lazy\" decoding=\"async\" class=\"alignnone size-medium wp-image-8676\" src=\"http:\/\/www.velehrad.org.uk\/wp-content\/uploads\/2023\/03\/unnamed-246x300.png\" alt=\"\" width=\"246\" height=\"300\" srcset=\"http:\/\/www.velehrad.org.uk\/wp-content\/uploads\/2023\/03\/unnamed-246x300.png 246w, http:\/\/www.velehrad.org.uk\/wp-content\/uploads\/2023\/03\/unnamed.png 488w\" sizes=\"auto, (max-width: 246px) 100vw, 246px\" \/><\/a><\/p>\n<p style=\"font-weight: 400; text-align: center;\">&nbsp;<\/p>\n<p style=\"font-weight: 400; text-align: center;\"><strong><em>Ve 4 hodiny&nbsp;bude<\/em><\/strong><strong><em>&nbsp;v hale bohat\u00fd program<\/em><\/strong><\/p>\n<p style=\"font-weight: 400; text-align: center;\"><strong><em>pro d\u011bti&nbsp;i dosp\u011bl\u00e9:<\/em><\/strong><\/p>\n<p style=\"font-weight: 400; text-align: center;\"><strong><em>malov\u00e1n\u00ed vaj\u00ed\u010dek, zdoben\u00ed&nbsp;pern\u00ed\u010dku&nbsp;a pleten\u00ed poml\u00e1zek<\/em><\/strong><\/p>\n<p style=\"font-weight: 400; text-align: center;\">&nbsp;&nbsp;&nbsp;&nbsp;&nbsp;&nbsp;&nbsp;&nbsp;&nbsp;&nbsp;&nbsp;&nbsp;&nbsp;&nbsp;&nbsp;&nbsp; <a href=\"http:\/\/www.velehrad.org.uk\/wp-content\/uploads\/2023\/03\/unnamed-1.png\"><img loading=\"lazy\" decoding=\"async\" class=\"size-medium wp-image-8677 aligncenter\" src=\"http:\/\/www.velehrad.org.uk\/wp-content\/uploads\/2023\/03\/unnamed-1-300x166.png\" alt=\"\" width=\"300\" height=\"166\" srcset=\"http:\/\/www.velehrad.org.uk\/wp-content\/uploads\/2023\/03\/unnamed-1-300x166.png 300w, http:\/\/www.velehrad.org.uk\/wp-content\/uploads\/2023\/03\/unnamed-1-644x357.png 644w, http:\/\/www.velehrad.org.uk\/wp-content\/uploads\/2023\/03\/unnamed-1.png 646w\" sizes=\"auto, (max-width: 300px) 100vw, 300px\" \/><\/a> &nbsp;&nbsp;&nbsp;&nbsp;&nbsp;&nbsp;&nbsp;&nbsp;&nbsp;&nbsp;&nbsp;&nbsp;&nbsp;&nbsp;&nbsp;&nbsp;&nbsp;&nbsp;&nbsp;&nbsp;&nbsp;&nbsp;&nbsp;&nbsp;&nbsp;&nbsp;<\/p>\n<p style=\"font-weight: 400; text-align: center;\"><strong>&nbsp;<\/strong><strong><em>NA LOND\u00ddNSK\u00c9M VELEHRAD\u011a<\/em><\/strong><\/p>\n<p style=\"font-weight: 400; text-align: center;\"><strong><em>39 Lonsdale Rd., Barnes, London SW13 9JP<\/em><\/strong><\/p>\n<p style=\"font-weight: 400; text-align: center;\"><strong><em>Va\u0161i \u00fa\u010dast dejte laskav\u011b v\u011bd\u011bt&nbsp;do 25.b\u0159ezna na<\/em><\/strong><\/p>\n<p style=\"font-weight: 400; text-align: center;\"><strong><em><a href=\"mailto:marta.tomsky@velehrad.org.uk\">marta.tomsky@velehrad.org.uk<\/a><\/em><\/strong><\/p>\n<p style=\"font-weight: 400; text-align: center;\"><em>nebo na mobil<strong>&nbsp;07858 054 777<\/strong><\/em><\/p>\n<p style=\"font-weight: 400; text-align: center;\"><strong>VSTUPN\u00c9 DOBROVOLN\u00c9<\/strong><\/p>\n<p style=\"font-weight: 400; text-align: center;\"><strong>P\u0159ij\u010fte a p\u0159ive\u010fte sv\u00e9 zn\u00e1m\u00e9.<\/strong><\/p>\n<p style=\"font-weight: 400; text-align: center;\"><strong>T\u011b\u0161\u00edme se&nbsp;<\/strong><strong>na v\u00e1s.<\/strong><\/p>\n","protected":false},"excerpt":{"rendered":"<p>Spr\u00e1vn\u00ed rada lond\u00fdnsk\u00e9ho Velehradu V\u00e1s srde\u010dn\u011b zve na Kv\u011btnou\u00a0ned\u011bli\u00a02. dubna 2023 na M\u0161i svatou ve 2.30 odpoledne. Bude slou\u017eit otec Roman Czudek,\u00a0 Rektor \u0159\u00edmsk\u00e9ho Nepomucena. Budeme sv\u011btit ko\u010di\u010dky. <a class=\"read-more-link\" href=\"http:\/\/www.velehrad.org.uk\/?p=8675\">\u010ct\u011bte v\u00edce<\/a><\/p>\n","protected":false},"author":1,"featured_media":8676,"comment_status":"closed","ping_status":"closed","sticky":false,"template":"","format":"standard","meta":{"ngg_post_thumbnail":0,"footnotes":""},"categories":[20],"tags":[],"class_list":["post-8675","post","type-post","status-publish","format-standard","has-post-thumbnail","hentry","category-novinky"],"post_mailing_queue_ids":[],"_links":{"self":[{"href":"http:\/\/www.velehrad.org.uk\/index.php?rest_route=\/wp\/v2\/posts\/8675","targetHints":{"allow":["GET"]}}],"collection":[{"href":"http:\/\/www.velehrad.org.uk\/index.php?rest_route=\/wp\/v2\/posts"}],"about":[{"href":"http:\/\/www.velehrad.org.uk\/index.php?rest_route=\/wp\/v2\/types\/post"}],"author":[{"embeddable":true,"href":"http:\/\/www.velehrad.org.uk\/index.php?rest_route=\/wp\/v2\/users\/1"}],"replies":[{"embeddable":true,"href":"http:\/\/www.velehrad.org.uk\/index.php?rest_route=%2Fwp%2Fv2%2Fcomments&post=8675"}],"version-history":[{"count":3,"href":"http:\/\/www.velehrad.org.uk\/index.php?rest_route=\/wp\/v2\/posts\/8675\/revisions"}],"predecessor-version":[{"id":8680,"href":"http:\/\/www.velehrad.org.uk\/index.php?rest_route=\/wp\/v2\/posts\/8675\/revisions\/8680"}],"wp:featuredmedia":[{"embeddable":true,"href":"http:\/\/www.velehrad.org.uk\/index.php?rest_route=\/wp\/v2\/media\/8676"}],"wp:attachment":[{"href":"http:\/\/www.velehrad.org.uk\/index.php?rest_route=%2Fwp%2Fv2%2Fmedia&parent=8675"}],"wp:term":[{"taxonomy":"category","embeddable":true,"href":"http:\/\/www.velehrad.org.uk\/index.php?rest_route=%2Fwp%2Fv2%2Fcategories&post=8675"},{"taxonomy":"post_tag","embeddable":true,"href":"http:\/\/www.velehrad.org.uk\/index.php?rest_route=%2Fwp%2Fv2%2Ftags&post=8675"}],"curies":[{"name":"wp","href":"https:\/\/api.w.org\/{rel}","templated":true}]}}