{"id":8687,"date":"2023-05-29T13:32:48","date_gmt":"2023-05-29T11:32:48","guid":{"rendered":"http:\/\/www.velehrad.org.uk\/?p=8687"},"modified":"2023-05-29T13:33:56","modified_gmt":"2023-05-29T11:33:56","slug":"mse-svate-v-londyne-na-velehrade-v-pristim-akademickem-roce","status":"publish","type":"post","link":"http:\/\/www.velehrad.org.uk\/?p=8687","title":{"rendered":"M\u0161e svat\u00e9 v Lond\u00fdn\u011b na Velehrad\u011b v p\u0159\u00ed\u0161t\u00edm akademick\u00e9m roce"},"content":{"rendered":"<h3>M\u0161e svat\u00e9 v Lond\u00fdn\u011b na Velehrad\u011b se v p\u0159\u00ed\u0161t\u00edm akademick\u00e9m roce uskute\u010dn\u00ed:<\/h3>\n<p>1. \u0159\u00edjna (sv. V\u00e1clava)<br \/>\n29. \u0159\u00edjna (30. ned\u011ble v mezidob\u00ed)<br \/>\n26. listopadu (Je\u017e\u00ed\u0161e Krista Kr\u00e1le)<br \/>\n7. ledna (Zjeven\u00ed P\u00e1n\u011b)<br \/>\n4. \u00fanora (5. ned\u011ble v mezidob\u00ed)<br \/>\n3. b\u0159ezna (3. ned\u011ble postn\u00ed)<br \/>\n7. dubna (2. ned\u011ble velikono\u010dn\u00ed)<br \/>\n12. kv\u011btna (Nanebevstoupen\u00ed P\u00e1n\u011b &#8211; svatoj\u00e1nsk\u00e1)<br \/>\n2. \u010dervna (T\u011bla a Krve P\u00e1n\u011b)<\/p>\n","protected":false},"excerpt":{"rendered":"<p>P\u0159in\u00e1\u0161\u00edme V\u00e1m seznam m\u0161\u00ed svat\u00fdch v Lond\u00fdn\u011b na Velehrad\u011b na p\u0159\u00ed\u0161t\u00ed akademick\u00fd rok. <a class=\"read-more-link\" href=\"http:\/\/www.velehrad.org.uk\/?p=8687\">\u010ct\u011bte v\u00edce<\/a><\/p>\n","protected":false},"author":1,"featured_media":8010,"comment_status":"closed","ping_status":"closed","sticky":false,"template":"","format":"standard","meta":{"ngg_post_thumbnail":0,"footnotes":""},"categories":[20],"tags":[],"class_list":["post-8687","post","type-post","status-publish","format-standard","has-post-thumbnail","hentry","category-novinky"],"post_mailing_queue_ids":[],"_links":{"self":[{"href":"http:\/\/www.velehrad.org.uk\/index.php?rest_route=\/wp\/v2\/posts\/8687","targetHints":{"allow":["GET"]}}],"collection":[{"href":"http:\/\/www.velehrad.org.uk\/index.php?rest_route=\/wp\/v2\/posts"}],"about":[{"href":"http:\/\/www.velehrad.org.uk\/index.php?rest_route=\/wp\/v2\/types\/post"}],"author":[{"embeddable":true,"href":"http:\/\/www.velehrad.org.uk\/index.php?rest_route=\/wp\/v2\/users\/1"}],"replies":[{"embeddable":true,"href":"http:\/\/www.velehrad.org.uk\/index.php?rest_route=%2Fwp%2Fv2%2Fcomments&post=8687"}],"version-history":[{"count":3,"href":"http:\/\/www.velehrad.org.uk\/index.php?rest_route=\/wp\/v2\/posts\/8687\/revisions"}],"predecessor-version":[{"id":8690,"href":"http:\/\/www.velehrad.org.uk\/index.php?rest_route=\/wp\/v2\/posts\/8687\/revisions\/8690"}],"wp:featuredmedia":[{"embeddable":true,"href":"http:\/\/www.velehrad.org.uk\/index.php?rest_route=\/wp\/v2\/media\/8010"}],"wp:attachment":[{"href":"http:\/\/www.velehrad.org.uk\/index.php?rest_route=%2Fwp%2Fv2%2Fmedia&parent=8687"}],"wp:term":[{"taxonomy":"category","embeddable":true,"href":"http:\/\/www.velehrad.org.uk\/index.php?rest_route=%2Fwp%2Fv2%2Fcategories&post=8687"},{"taxonomy":"post_tag","embeddable":true,"href":"http:\/\/www.velehrad.org.uk\/index.php?rest_route=%2Fwp%2Fv2%2Ftags&post=8687"}],"curies":[{"name":"wp","href":"https:\/\/api.w.org\/{rel}","templated":true}]}}