{"id":8691,"date":"2023-05-29T13:36:03","date_gmt":"2023-05-29T11:36:03","guid":{"rendered":"http:\/\/www.velehrad.org.uk\/?p=8691"},"modified":"2023-05-29T13:37:31","modified_gmt":"2023-05-29T11:37:31","slug":"svatojanska-slavnost-na-velehrade","status":"publish","type":"post","link":"http:\/\/www.velehrad.org.uk\/?p=8691","title":{"rendered":"Svatoj\u00e1nsk\u00e1 slavnost na Velehrad\u011b"},"content":{"rendered":"<p>[embedyt] https:\/\/www.youtube.com\/watch?v=7QlEalK8Sag[\/embedyt]<\/p>\n\n\n\n<figure class=\"wp-block-image\"><a href=\"http:\/\/www.velehrad.org.uk\/wp-content\/uploads\/2023\/05\/IMG_2462-scaled.jpeg\"><img loading=\"lazy\" decoding=\"async\" width=\"300\" height=\"225\" src=\"http:\/\/www.velehrad.org.uk\/wp-content\/uploads\/2023\/05\/IMG_2462-300x225.jpeg\" alt=\"\" class=\"wp-image-8692\" srcset=\"http:\/\/www.velehrad.org.uk\/wp-content\/uploads\/2023\/05\/IMG_2462-300x225.jpeg 300w, http:\/\/www.velehrad.org.uk\/wp-content\/uploads\/2023\/05\/IMG_2462-644x483.jpeg 644w, http:\/\/www.velehrad.org.uk\/wp-content\/uploads\/2023\/05\/IMG_2462-768x576.jpeg 768w, http:\/\/www.velehrad.org.uk\/wp-content\/uploads\/2023\/05\/IMG_2462-1536x1152.jpeg 1536w, http:\/\/www.velehrad.org.uk\/wp-content\/uploads\/2023\/05\/IMG_2462-2048x1536.jpeg 2048w\" sizes=\"auto, (max-width: 300px) 100vw, 300px\" \/><\/a><\/figure>\n\n\n\n<figure class=\"wp-block-image\"><a href=\"http:\/\/www.velehrad.org.uk\/wp-content\/uploads\/2023\/05\/IMG_2467-scaled.jpeg\"><img loading=\"lazy\" decoding=\"async\" width=\"300\" height=\"225\" src=\"http:\/\/www.velehrad.org.uk\/wp-content\/uploads\/2023\/05\/IMG_2467-300x225.jpeg\" alt=\"\" class=\"wp-image-8693\" srcset=\"http:\/\/www.velehrad.org.uk\/wp-content\/uploads\/2023\/05\/IMG_2467-300x225.jpeg 300w, http:\/\/www.velehrad.org.uk\/wp-content\/uploads\/2023\/05\/IMG_2467-644x483.jpeg 644w, http:\/\/www.velehrad.org.uk\/wp-content\/uploads\/2023\/05\/IMG_2467-768x576.jpeg 768w, http:\/\/www.velehrad.org.uk\/wp-content\/uploads\/2023\/05\/IMG_2467-1536x1152.jpeg 1536w, http:\/\/www.velehrad.org.uk\/wp-content\/uploads\/2023\/05\/IMG_2467-2048x1536.jpeg 2048w\" sizes=\"auto, (max-width: 300px) 100vw, 300px\" \/><\/a><\/figure>\n","protected":false},"excerpt":{"rendered":"<p>P\u0159in\u00e1\u0161\u00edme V\u00e1m fotografie a report\u00e1\u017e, kterou vys\u00edlala TV Noe, z na\u0161\u00ed tradi\u010dn\u00ed Svatoj\u00e1nsk\u00e9 slavnosti.  <a class=\"read-more-link\" href=\"http:\/\/www.velehrad.org.uk\/?p=8691\">\u010ct\u011bte v\u00edce<\/a><\/p>\n","protected":false},"author":1,"featured_media":8693,"comment_status":"closed","ping_status":"closed","sticky":false,"template":"","format":"standard","meta":{"ngg_post_thumbnail":0,"footnotes":""},"categories":[20],"tags":[],"class_list":["post-8691","post","type-post","status-publish","format-standard","has-post-thumbnail","hentry","category-novinky"],"post_mailing_queue_ids":[],"_links":{"self":[{"href":"http:\/\/www.velehrad.org.uk\/index.php?rest_route=\/wp\/v2\/posts\/8691","targetHints":{"allow":["GET"]}}],"collection":[{"href":"http:\/\/www.velehrad.org.uk\/index.php?rest_route=\/wp\/v2\/posts"}],"about":[{"href":"http:\/\/www.velehrad.org.uk\/index.php?rest_route=\/wp\/v2\/types\/post"}],"author":[{"embeddable":true,"href":"http:\/\/www.velehrad.org.uk\/index.php?rest_route=\/wp\/v2\/users\/1"}],"replies":[{"embeddable":true,"href":"http:\/\/www.velehrad.org.uk\/index.php?rest_route=%2Fwp%2Fv2%2Fcomments&post=8691"}],"version-history":[{"count":3,"href":"http:\/\/www.velehrad.org.uk\/index.php?rest_route=\/wp\/v2\/posts\/8691\/revisions"}],"predecessor-version":[{"id":8696,"href":"http:\/\/www.velehrad.org.uk\/index.php?rest_route=\/wp\/v2\/posts\/8691\/revisions\/8696"}],"wp:featuredmedia":[{"embeddable":true,"href":"http:\/\/www.velehrad.org.uk\/index.php?rest_route=\/wp\/v2\/media\/8693"}],"wp:attachment":[{"href":"http:\/\/www.velehrad.org.uk\/index.php?rest_route=%2Fwp%2Fv2%2Fmedia&parent=8691"}],"wp:term":[{"taxonomy":"category","embeddable":true,"href":"http:\/\/www.velehrad.org.uk\/index.php?rest_route=%2Fwp%2Fv2%2Fcategories&post=8691"},{"taxonomy":"post_tag","embeddable":true,"href":"http:\/\/www.velehrad.org.uk\/index.php?rest_route=%2Fwp%2Fv2%2Ftags&post=8691"}],"curies":[{"name":"wp","href":"https:\/\/api.w.org\/{rel}","templated":true}]}}