{"id":8706,"date":"2023-10-20T20:33:40","date_gmt":"2023-10-20T18:33:40","guid":{"rendered":"http:\/\/www.velehrad.org.uk\/?p=8706"},"modified":"2023-10-20T20:35:38","modified_gmt":"2023-10-20T18:35:38","slug":"moravska-cimbalovka-zaletnici-na-velehrade-v-londyne","status":"publish","type":"post","link":"http:\/\/www.velehrad.org.uk\/?p=8706","title":{"rendered":"Moravsk\u00e1 cimb\u00e1lovka Z\u00e1letn\u00edci na Velehrad\u011b v Lond\u00fdn\u011b 17.11. od 19 hodin"},"content":{"rendered":"<div dir=\"ltr\">\n<div class=\"gmail_default\"><strong>\u010cesk\u00e1 a slovensk\u00e1 \u0161kola a organizace Ok\u00e9nko<\/strong> v\u00e1s srde\u010dn\u011b zve na oslavu 17. listopadu v Lond\u00fdn\u011b stylov\u011b s moravskou&nbsp;<strong>cimb\u00e1lovou skupinou Z\u00e1letn\u00edci<\/strong>&nbsp;a u sklenky v\u00edna moravsk\u00e9ho&nbsp;<strong>vina\u0159e Stanislava M\u00e1dla<\/strong><\/div>\n<div class=\"gmail_default\">\n<p><strong>Cimb\u00e1lov\u00e1 muzika Z\u00e1letn\u00edci<\/strong>&nbsp;pro v\u00e1s p\u0159ipravila ve\u010der pln\u00fd hudby s \u010desk\u00fdmi, moravsk\u00fdmi a slovensk\u00fdmi lidov\u00fdmi p\u00edsn\u011bmi. Skupina poch\u00e1z\u00ed z moravsk\u00e9ho m\u011bsta Olomouc a vznikla p\u0159ed 11&nbsp;lety. Budou hr\u00e1t na typick\u00e9 n\u00e1stroje jako jsou housle, viola, kontrabas a cimb\u00e1l. Spole\u010dn\u011b tak stylov\u011b oslav\u00edme&nbsp;<strong>34. v\u00fdro\u010d\u00ed Sametov\u00e9 revoluce.<\/strong><\/p>\n<p>L\u00edstek zahrnuje nejen koncert cimb\u00e1lovky Z\u00e1letn\u00edci, ale tak\u00e9&nbsp;<strong>lehk\u00e9 ob\u010derstven\u00ed&nbsp;<\/strong>a v\u00fdborn\u00e9&nbsp;<strong>moravsk\u00e9 v\u00edno<\/strong>&nbsp;vina\u0159e Stanislava M\u00e1dla.<\/p>\n<p><strong>P\u0159ij\u010fte si zazp\u00edvat, zatan\u010dit a pobavit se.<\/strong><\/p>\n<p>D\u016fle\u017eit\u00e9 upozorn\u011bn\u00ed: V s\u00e1le nen\u00ed mo\u017en\u00e9 tancovat ve&nbsp;<strong>\u0161pi\u010dat\u00fdch podpatc\u00edch!<\/strong><\/p>\n<p><strong>D\u011bkujeme&nbsp;<\/strong>nejen skupin\u011b Z\u00e1letn\u00edci a vina\u0159i Stanislavu M\u00e1dlovi, ale tak\u00e9 za spolupr\u00e1ci na organizaci t\u00e9to akce charit\u011b Velehrad, \u010cesk\u00e9 \u0161kole a komunitn\u00ed organizaci Manchester a \u010cesk\u00e9mu konzul\u00e1tu v Manchesteru.<\/p>\n<p><strong>Akce se kon\u00e1&nbsp;<\/strong>v p\u00e1tek 17.11.2022 od 19.00 v budov\u011b Velehradu, 39 Lonsdale Road, London, SW13 9JP. Parkov\u00e1n\u00ed v okol\u00ed budovy Velehradu je ve\u010der zdarma.&nbsp;<\/p>\n<p><strong>V\u00edce informac\u00ed&nbsp;<\/strong>o skupin\u011b:&nbsp;<a href=\"http:\/\/www.cmzaletnici.cz\/\" target=\"_blank\" rel=\"noopener\" data-saferedirecturl=\"https:\/\/www.google.com\/url?q=http:\/\/www.cmzaletnici.cz\/&amp;source=gmail&amp;ust=1697887231584000&amp;usg=AOvVaw0ZIYDtj7CTEtomUGa8qPE2\">http:\/\/www.cmzaletnici.cz\/<\/a>&nbsp;nebo na Facebooku&nbsp;<a href=\"https:\/\/www.facebook.com\/cmzaletnici\" target=\"_blank\" rel=\"noopener\" data-saferedirecturl=\"https:\/\/www.google.com\/url?q=https:\/\/www.facebook.com\/cmzaletnici&amp;source=gmail&amp;ust=1697887231584000&amp;usg=AOvVaw2EWcLv2NztEBr2uegpyAjD\">https:\/\/www.facebook.com\/<wbr>cmzaletnici<\/a><\/p>\n<p><strong>Do 31.10. je v prodeji limitovan\u00fd po\u010det l\u00edstk\u016f se slevou a proto nev\u00e1hejte a objednejte si l\u00edstky je\u0161t\u011b&nbsp;<a href=\"https:\/\/www.eventbrite.co.uk\/e\/moravian-cimbalom-music-in-london-moravska-cimbalovka-v-londyne-tickets-731999820167?aff=oddtdtcreator\" target=\"_blank\" rel=\"noopener\" data-saferedirecturl=\"https:\/\/www.google.com\/url?q=https:\/\/www.eventbrite.co.uk\/e\/moravian-cimbalom-music-in-london-moravska-cimbalovka-v-londyne-tickets-731999820167?aff%3Doddtdtcreator&amp;source=gmail&amp;ust=1697887231584000&amp;usg=AOvVaw0QYVBMPmyQ8H57w6CqXyv9\">dnes<\/a>. Ot\u00e1zky na&nbsp;<a href=\"mailto:info@okenko.uk\" target=\"_blank\" rel=\"noopener\">info@okenko.uk<br \/>\n<\/a><\/strong><\/p>\n<\/div>\n<\/div>\n","protected":false},"excerpt":{"rendered":"<p>\u010cesk\u00e1 a slovensk\u00e1 \u0161kola a organizace Ok\u00e9nko v\u00e1s srde\u010dn\u011b zve na oslavu 17. listopadu v Lond\u00fdn\u011b stylov\u011b s moravskou&nbsp;cimb\u00e1lovou skupinou Z\u00e1letn\u00edci&nbsp;a u sklenky v\u00edna moravsk\u00e9ho&nbsp;vina\u0159e Stanislava M\u00e1dla Cimb\u00e1lov\u00e1 muzika Z\u00e1letn\u00edci&nbsp;pro v\u00e1s p\u0159ipravila ve\u010der pln\u00fd hudby s \u010desk\u00fdmi, moravsk\u00fdmi a slovensk\u00fdmi lidov\u00fdmi p\u00edsn\u011bmi. Skupina poch\u00e1z\u00ed z moravsk\u00e9ho&hellip; <a class=\"read-more-link\" href=\"http:\/\/www.velehrad.org.uk\/?p=8706\">\u010ct\u011bte v\u00edce<\/a><\/p>\n","protected":false},"author":1,"featured_media":8708,"comment_status":"closed","ping_status":"closed","sticky":false,"template":"","format":"standard","meta":{"ngg_post_thumbnail":0,"footnotes":""},"categories":[20],"tags":[],"class_list":["post-8706","post","type-post","status-publish","format-standard","has-post-thumbnail","hentry","category-novinky"],"post_mailing_queue_ids":[],"_links":{"self":[{"href":"http:\/\/www.velehrad.org.uk\/index.php?rest_route=\/wp\/v2\/posts\/8706","targetHints":{"allow":["GET"]}}],"collection":[{"href":"http:\/\/www.velehrad.org.uk\/index.php?rest_route=\/wp\/v2\/posts"}],"about":[{"href":"http:\/\/www.velehrad.org.uk\/index.php?rest_route=\/wp\/v2\/types\/post"}],"author":[{"embeddable":true,"href":"http:\/\/www.velehrad.org.uk\/index.php?rest_route=\/wp\/v2\/users\/1"}],"replies":[{"embeddable":true,"href":"http:\/\/www.velehrad.org.uk\/index.php?rest_route=%2Fwp%2Fv2%2Fcomments&post=8706"}],"version-history":[{"count":3,"href":"http:\/\/www.velehrad.org.uk\/index.php?rest_route=\/wp\/v2\/posts\/8706\/revisions"}],"predecessor-version":[{"id":8710,"href":"http:\/\/www.velehrad.org.uk\/index.php?rest_route=\/wp\/v2\/posts\/8706\/revisions\/8710"}],"wp:featuredmedia":[{"embeddable":true,"href":"http:\/\/www.velehrad.org.uk\/index.php?rest_route=\/wp\/v2\/media\/8708"}],"wp:attachment":[{"href":"http:\/\/www.velehrad.org.uk\/index.php?rest_route=%2Fwp%2Fv2%2Fmedia&parent=8706"}],"wp:term":[{"taxonomy":"category","embeddable":true,"href":"http:\/\/www.velehrad.org.uk\/index.php?rest_route=%2Fwp%2Fv2%2Fcategories&post=8706"},{"taxonomy":"post_tag","embeddable":true,"href":"http:\/\/www.velehrad.org.uk\/index.php?rest_route=%2Fwp%2Fv2%2Ftags&post=8706"}],"curies":[{"name":"wp","href":"https:\/\/api.w.org\/{rel}","templated":true}]}}