{"id":8719,"date":"2023-11-09T16:48:31","date_gmt":"2023-11-09T14:48:31","guid":{"rendered":"http:\/\/www.velehrad.org.uk\/?p=8719"},"modified":"2023-11-09T16:49:06","modified_gmt":"2023-11-09T14:49:06","slug":"concert-of-the-final-of-emmy-destinn-singing-competition-on-saturday-18th-november","status":"publish","type":"post","link":"http:\/\/www.velehrad.org.uk\/?p=8719","title":{"rendered":"CONCERT OF THE FINAL of EMMY DESTINN SINGING COMPETITION ON SATURDAY 18TH NOVEMBER"},"content":{"rendered":"<div dir=\"auto\">V\u00e1\u017een\u00ed p\u0159\u00e1tel\u00e9,<\/div>\n<div dir=\"auto\">srde\u010dn\u011b v\u00e1s zveme na z\u00e1v\u011bre\u010dn\u00fd koncert \u201cThe Emmy Destinn Young Singers Awards 2O23\u201d, kter\u00fd se kon\u00e1 18. listopadu v 17 hodin na Velehrad\u011b v Barnes.<\/div>\n<div dir=\"auto\">&nbsp;<\/div>\n<div dir=\"auto\"><a href=\"http:\/\/www.velehrad.org.uk\/wp-content\/uploads\/2023\/11\/EMMY-DESTINN-FINAL-CONCERT-AT-VELEHRAD.png\"><img loading=\"lazy\" decoding=\"async\" class=\"alignnone size-medium wp-image-8720\" src=\"http:\/\/www.velehrad.org.uk\/wp-content\/uploads\/2023\/11\/EMMY-DESTINN-FINAL-CONCERT-AT-VELEHRAD-212x300.png\" alt=\"\" width=\"212\" height=\"300\" srcset=\"http:\/\/www.velehrad.org.uk\/wp-content\/uploads\/2023\/11\/EMMY-DESTINN-FINAL-CONCERT-AT-VELEHRAD-212x300.png 212w, http:\/\/www.velehrad.org.uk\/wp-content\/uploads\/2023\/11\/EMMY-DESTINN-FINAL-CONCERT-AT-VELEHRAD.png 226w\" sizes=\"auto, (max-width: 212px) 100vw, 212px\" \/><\/a><\/div>\n","protected":false},"excerpt":{"rendered":"<p>V\u00e1\u017een\u00ed p\u0159\u00e1tel\u00e9, srde\u010dn\u011b v\u00e1s zveme na z\u00e1v\u011bre\u010dn\u00fd koncert \u201cThe Emmy Destinn Young Singers Awards 2O23\u201d, kter\u00fd se kon\u00e1 18. listopadu v 17 hodin na Velehrad\u011b v Barnes. <a class=\"read-more-link\" href=\"http:\/\/www.velehrad.org.uk\/?p=8719\">\u010ct\u011bte v\u00edce<\/a><\/p>\n","protected":false},"author":1,"featured_media":8722,"comment_status":"closed","ping_status":"closed","sticky":false,"template":"","format":"standard","meta":{"ngg_post_thumbnail":0,"footnotes":""},"categories":[20],"tags":[],"class_list":["post-8719","post","type-post","status-publish","format-standard","has-post-thumbnail","hentry","category-novinky"],"post_mailing_queue_ids":[],"_links":{"self":[{"href":"http:\/\/www.velehrad.org.uk\/index.php?rest_route=\/wp\/v2\/posts\/8719","targetHints":{"allow":["GET"]}}],"collection":[{"href":"http:\/\/www.velehrad.org.uk\/index.php?rest_route=\/wp\/v2\/posts"}],"about":[{"href":"http:\/\/www.velehrad.org.uk\/index.php?rest_route=\/wp\/v2\/types\/post"}],"author":[{"embeddable":true,"href":"http:\/\/www.velehrad.org.uk\/index.php?rest_route=\/wp\/v2\/users\/1"}],"replies":[{"embeddable":true,"href":"http:\/\/www.velehrad.org.uk\/index.php?rest_route=%2Fwp%2Fv2%2Fcomments&post=8719"}],"version-history":[{"count":2,"href":"http:\/\/www.velehrad.org.uk\/index.php?rest_route=\/wp\/v2\/posts\/8719\/revisions"}],"predecessor-version":[{"id":8723,"href":"http:\/\/www.velehrad.org.uk\/index.php?rest_route=\/wp\/v2\/posts\/8719\/revisions\/8723"}],"wp:featuredmedia":[{"embeddable":true,"href":"http:\/\/www.velehrad.org.uk\/index.php?rest_route=\/wp\/v2\/media\/8722"}],"wp:attachment":[{"href":"http:\/\/www.velehrad.org.uk\/index.php?rest_route=%2Fwp%2Fv2%2Fmedia&parent=8719"}],"wp:term":[{"taxonomy":"category","embeddable":true,"href":"http:\/\/www.velehrad.org.uk\/index.php?rest_route=%2Fwp%2Fv2%2Fcategories&post=8719"},{"taxonomy":"post_tag","embeddable":true,"href":"http:\/\/www.velehrad.org.uk\/index.php?rest_route=%2Fwp%2Fv2%2Ftags&post=8719"}],"curies":[{"name":"wp","href":"https:\/\/api.w.org\/{rel}","templated":true}]}}